{"id":91556,"date":"2023-09-28T18:33:28","date_gmt":"2023-09-28T18:33:28","guid":{"rendered":"https:\/\/sertv.gob.pa\/nacionalfm\/?p=91556"},"modified":"2023-09-28T18:33:28","modified_gmt":"2023-09-28T18:33:28","slug":"ue-espana-bruselas-da-un-ultimatum-a-espana-por-retraso-en-los-planes-hidrologicos-y-de-inundaciones","status":"publish","type":"post","link":"https:\/\/sertv.gob.pa\/nacionalfm\/ue-espana-bruselas-da-un-ultimatum-a-espana-por-retraso-en-los-planes-hidrologicos-y-de-inundaciones\/","title":{"rendered":"UE ESPA\u00d1A: Bruselas da un ultim\u00e1tum a Espa\u00f1a por retraso en los planes hidrol\u00f3gicos y de inundaciones"},"content":{"rendered":"<p><strong>\u00a0<\/strong><strong>Bruselas.- La Comisi\u00f3n Europea dio este jueves un ultim\u00e1tum a Espa\u00f1a para que complete la revisi\u00f3n de los terceros planes hidrol\u00f3gicos de cuenca y de los segundos planes de gesti\u00f3n del riesgo de inundaci\u00f3n o, de lo contrario, elevar\u00e1 el asunto a la Justicia europea.<\/strong><\/p>\n<p>El Ejecutivo comunitario avanz\u00f3 as\u00ed un paso m\u00e1s en el expediente que abri\u00f3 a Espa\u00f1a en febrero de este a\u00f1o y pas\u00f3 a la segunda etapa del procedimiento de infracci\u00f3n, que da dos meses a Espa\u00f1a para resolver las deficiencias identificadas por las autoridades comunitarias antes de acudir al Tribunal de Justicia de la UE (TJUE).<\/p>\n<p>Adem\u00e1s de a Espa\u00f1a, Bruselas tambi\u00e9n advirti\u00f3 a Bulgaria, Chipre, Irlanda, Malta, Portugal, Eslovaquia y Eslovenia de que no han cumplido con los requisitos establecidos en la directiva marco sobre el agua ni en la directiva sobre inundaciones.<\/p>\n<p>Ambas exigen a los Estados miembros que revisen, actualicen y notifiquen sus planes hidrol\u00f3gicos de cuencas y de gesti\u00f3n del riesgo de inundaciones cada seis a\u00f1os.<\/p>\n<p>Los primeros deben incluir un conjunto de medidas para garantizar el \u201cbuen estado\u201d de todas las masas de agua, mientras que los segundos deben ser elaborados a partir de mapas que \u201cmuestren las consecuencias adversas potenciales asociadas a los escenarios de inundaci\u00f3n\u201d.<\/p>\n<p>La Comisi\u00f3n inform\u00f3 de que Espa\u00f1a, Bulgaria, Chipre, Malta y Portugal \u201cvan con retraso\u201d en la revisi\u00f3n, aprobaci\u00f3n y comunicaci\u00f3n de los terceros planes hidrol\u00f3gicos de cuenta y de los segundos planes de gesti\u00f3n del riesgo de inundaci\u00f3n.<\/p>\n<p>Por otro lado, Irlanda y Eslovenia est\u00e1n retrasados en la adopci\u00f3n de los planes hidrol\u00f3gicos y Eslovaquia tiene un problema s\u00f3lo en el caso de los planes de riesgo de inundaci\u00f3n.<\/p>\n<p>\u201cLa legislaci\u00f3n de la UE sobre el agua debe aplicarse plenamente para alcanzar las ambiciones de la UE en materia de econom\u00eda circular, biodiversidad, contaminaci\u00f3n cero y cambio clim\u00e1tico\u201d, expres\u00f3 el Ejecutivo comunitario, antes de advertir de que, de no recibir una \u201crespuesta satisfactoria\u201d de estos nueve socios, podr\u00eda elevar los casos al tribunal con sede en Luxemburgo. <strong><em>EFEverde<\/em><\/strong><\/p>\n","protected":false},"excerpt":{"rendered":"<p>\u00a0Bruselas.- La Comisi\u00f3n Europea dio este jueves un ultim\u00e1tum a <a href=\"https:\/\/sertv.gob.pa\/nacionalfm\/ue-espana-bruselas-da-un-ultimatum-a-espana-por-retraso-en-los-planes-hidrologicos-y-de-inundaciones\/\"> [&#8230;]<\/a><\/p>\n","protected":false},"author":9,"featured_media":91557,"comment_status":"closed","ping_status":"closed","sticky":false,"template":"","format":"standard","meta":{"footnotes":""},"categories":[3],"tags":[],"class_list":["post-91556","post","type-post","status-publish","format-standard","has-post-thumbnail","hentry","category-internacionales"],"_links":{"self":[{"href":"https:\/\/sertv.gob.pa\/nacionalfm\/wp-json\/wp\/v2\/posts\/91556","targetHints":{"allow":["GET"]}}],"collection":[{"href":"https:\/\/sertv.gob.pa\/nacionalfm\/wp-json\/wp\/v2\/posts"}],"about":[{"href":"https:\/\/sertv.gob.pa\/nacionalfm\/wp-json\/wp\/v2\/types\/post"}],"author":[{"embeddable":true,"href":"https:\/\/sertv.gob.pa\/nacionalfm\/wp-json\/wp\/v2\/users\/9"}],"replies":[{"embeddable":true,"href":"https:\/\/sertv.gob.pa\/nacionalfm\/wp-json\/wp\/v2\/comments?post=91556"}],"version-history":[{"count":1,"href":"https:\/\/sertv.gob.pa\/nacionalfm\/wp-json\/wp\/v2\/posts\/91556\/revisions"}],"predecessor-version":[{"id":91558,"href":"https:\/\/sertv.gob.pa\/nacionalfm\/wp-json\/wp\/v2\/posts\/91556\/revisions\/91558"}],"wp:featuredmedia":[{"embeddable":true,"href":"https:\/\/sertv.gob.pa\/nacionalfm\/wp-json\/wp\/v2\/media\/91557"}],"wp:attachment":[{"href":"https:\/\/sertv.gob.pa\/nacionalfm\/wp-json\/wp\/v2\/media?parent=91556"}],"wp:term":[{"taxonomy":"category","embeddable":true,"href":"https:\/\/sertv.gob.pa\/nacionalfm\/wp-json\/wp\/v2\/categories?post=91556"},{"taxonomy":"post_tag","embeddable":true,"href":"https:\/\/sertv.gob.pa\/nacionalfm\/wp-json\/wp\/v2\/tags?post=91556"}],"curies":[{"name":"wp","href":"https:\/\/api.w.org\/{rel}","templated":true}]}}