{"id":91586,"date":"2023-09-29T18:41:58","date_gmt":"2023-09-29T18:41:58","guid":{"rendered":"https:\/\/sertv.gob.pa\/nacionalfm\/?p=91586"},"modified":"2023-09-29T18:41:58","modified_gmt":"2023-09-29T18:41:58","slug":"armenia-acoge-ya-a-unos-93-000-refugiados-casi-el-80-de-la-poblacion-de-nagorno-karabaj","status":"publish","type":"post","link":"https:\/\/sertv.gob.pa\/nacionalfm\/armenia-acoge-ya-a-unos-93-000-refugiados-casi-el-80-de-la-poblacion-de-nagorno-karabaj\/","title":{"rendered":"Armenia acoge ya a unos 93.000 refugiados, casi el 80 % de la poblaci\u00f3n de Nagorno Karabaj"},"content":{"rendered":"<p><strong><em>\u00a0<\/em><\/strong><strong><em>Tiflis (EFE).-<\/em><\/strong> Armenia acoge ya a unos 93.000 refugiados desde el domingo pasado, lo que supone casi el 80 % de la poblaci\u00f3n de Nagorno Karabaj, territorio separatista azerbaiyano habitado por armenios que ser\u00e1 reintegrado en el sistema legal y administrativo de Azerbaiy\u00e1n tras la operaci\u00f3n militar azer\u00ed de la semana pasada.<\/p>\n<p>\u201cA las 08.00 GMT el n\u00famero de personas desplazadas de Nagorno Karabaj era de 91.448, si bien tres horas despu\u00e9s ya eran alrededor de 93.000\u201d, dijo Nazeli Baghdasari\u00e1n, portavoz del primer ministro armenio, Nikol Pashini\u00e1n, en una rueda de prensa.<br \/>\nEllo supone el 77,5 % de la poblaci\u00f3n que resid\u00eda en Nagorno Karabaj hasta el domingo pasado (120.000), cuando comenzaron las evacuaciones.<\/p>\n<p>La mayor\u00eda tiene familiares o amigos donde instalarse temporalmente en Armenia, mientras que el resto, m\u00e1s de 20.000, ha aceptado alojamientos ofrecidos por el Gobierno.<\/p>\n<p>A\u00fan siguen llegando miles de karabaj\u00edes por el corredor de Lach\u00edn, que une Nagorno Karabaj con el sur de Armenia, tras superar atascos que pueden suponer ahora 10 horas de viaje.<\/p>\n<p>Sin embargo, Baghdasari\u00e1n precis\u00f3 que el ritmo de las llegadas ha descendido en las \u00faltimas horas.<\/p>\n<p>&nbsp;<\/p>\n","protected":false},"excerpt":{"rendered":"<p>\u00a0Tiflis (EFE).- Armenia acoge ya a unos 93.000 refugiados desde <a href=\"https:\/\/sertv.gob.pa\/nacionalfm\/armenia-acoge-ya-a-unos-93-000-refugiados-casi-el-80-de-la-poblacion-de-nagorno-karabaj\/\"> [&#8230;]<\/a><\/p>\n","protected":false},"author":9,"featured_media":91587,"comment_status":"closed","ping_status":"closed","sticky":false,"template":"","format":"standard","meta":{"footnotes":""},"categories":[3],"tags":[],"class_list":["post-91586","post","type-post","status-publish","format-standard","has-post-thumbnail","hentry","category-internacionales"],"_links":{"self":[{"href":"https:\/\/sertv.gob.pa\/nacionalfm\/wp-json\/wp\/v2\/posts\/91586","targetHints":{"allow":["GET"]}}],"collection":[{"href":"https:\/\/sertv.gob.pa\/nacionalfm\/wp-json\/wp\/v2\/posts"}],"about":[{"href":"https:\/\/sertv.gob.pa\/nacionalfm\/wp-json\/wp\/v2\/types\/post"}],"author":[{"embeddable":true,"href":"https:\/\/sertv.gob.pa\/nacionalfm\/wp-json\/wp\/v2\/users\/9"}],"replies":[{"embeddable":true,"href":"https:\/\/sertv.gob.pa\/nacionalfm\/wp-json\/wp\/v2\/comments?post=91586"}],"version-history":[{"count":1,"href":"https:\/\/sertv.gob.pa\/nacionalfm\/wp-json\/wp\/v2\/posts\/91586\/revisions"}],"predecessor-version":[{"id":91588,"href":"https:\/\/sertv.gob.pa\/nacionalfm\/wp-json\/wp\/v2\/posts\/91586\/revisions\/91588"}],"wp:featuredmedia":[{"embeddable":true,"href":"https:\/\/sertv.gob.pa\/nacionalfm\/wp-json\/wp\/v2\/media\/91587"}],"wp:attachment":[{"href":"https:\/\/sertv.gob.pa\/nacionalfm\/wp-json\/wp\/v2\/media?parent=91586"}],"wp:term":[{"taxonomy":"category","embeddable":true,"href":"https:\/\/sertv.gob.pa\/nacionalfm\/wp-json\/wp\/v2\/categories?post=91586"},{"taxonomy":"post_tag","embeddable":true,"href":"https:\/\/sertv.gob.pa\/nacionalfm\/wp-json\/wp\/v2\/tags?post=91586"}],"curies":[{"name":"wp","href":"https:\/\/api.w.org\/{rel}","templated":true}]}}