{"id":91620,"date":"2023-10-02T18:13:11","date_gmt":"2023-10-02T18:13:11","guid":{"rendered":"https:\/\/sertv.gob.pa\/nacionalfm\/?p=91620"},"modified":"2023-10-02T18:13:11","modified_gmt":"2023-10-02T18:13:11","slug":"las-discotecas-incendiadas-en-murcia-carecian-de-licencia-y-tenian-orden-de-cese-desde-2022","status":"publish","type":"post","link":"https:\/\/sertv.gob.pa\/nacionalfm\/las-discotecas-incendiadas-en-murcia-carecian-de-licencia-y-tenian-orden-de-cese-desde-2022\/","title":{"rendered":"Las discotecas incendiadas en Murcia carec\u00edan de licencia y ten\u00edan orden de cese desde 2022"},"content":{"rendered":"<p><strong><em>Murcia (EFE).-<\/em><\/strong> La persona que todav\u00eda se encontraba desaparecida desde la madrugada de este domingo tras los incendios producidos en las discotecas de Atalayas, en Murcia, sobre las que pesaba una orden de cierre y que carec\u00edan de licencia, ha sido localizada esta tarde por sus familiares y se encuentra en buen estado, seg\u00fan ha informado el delegado del gobierno en Murcia, Francisco Jim\u00e9nez.<\/p>\n<p>Las\u00a0<a href=\"https:\/\/efe.com\/espana\/2023-10-01\/despedida-victima-incendio-murcia\/\" target=\"_blank\" rel=\"noopener\"><strong>discotecas Teatre y Fonda Milagros<\/strong><\/a>\u00a0en las que murieron, al menos, trece personas, no ten\u00edan licencia municipal y sobre ellas hab\u00eda una orden de cese de actividad desde enero de 2022.<\/p>\n<p><strong>El empresario de La Fonda desconoc\u00eda que no ten\u00eda licencia<\/strong><\/p>\n<p>El empresario de la discoteca La Fonda Milagros, donde fueron localizadas las trece v\u00edctimas mortales ten\u00eda un contrato de arrendamiento con Teatre S.L., propietaria de las tres salas siniestradas, y desconoc\u00eda que trabajaran sin licencia y que pesara sobre estas una orden municipal de cese de actividad.<\/p>\n<p>El abogado Francisco Ad\u00e1n, que representa a este empresario originario de Colombia, ha dicho a EFE que su cliente ha perdido en el incendio toda la documentaci\u00f3n relativa a La Fonda Milagros, pero que, en cualquier caso, no ten\u00eda ning\u00fan conocimiento ni documentaci\u00f3n alguna sobre la orden de cierre y la suspensi\u00f3n de la licencia de apertura y actividad que se otorg\u00f3 a Teatre S.L. el 18 de diciembre de 2008.<\/p>\n<p><strong>La portavoz de Teatre: La discoteca tiene \u201cla licencia en regla\u201d<\/strong><\/p>\n<p>Mar\u00eda Dolores Abell\u00e1n, la portavoz de la discoteca Teatre, ha afirmado que el local tiene \u201cla licencia en regla\u201d, y que en breve, tras recabar la documentaci\u00f3n necesaria, los abogados del propietario \u201crebatir\u00e1n las irregularidades o mentiras que se han dicho\u201d.<\/p>\n<p>En declaraciones a EFE, Abell\u00e1n ha se\u00f1alado que desconoce la motivaci\u00f3n que ha llevado al Ayuntamiento de Murcia a decir que las discotecas Teatre y Fonda Milagros no ten\u00edan licencia municipal y que sobre ellas hab\u00eda una orden de cese de actividad desde enero de 2022.<\/p>\n<p>\u201cNo sabemos, no entendemos la motivaci\u00f3n del Ayuntamiento para decir que Teatre no tiene licencia porque es conocida en Murcia y en el Mediterr\u00e1neo, es una discoteca insigne y todo el mundo sab\u00eda que funcionaba. Desconozco si los motivos son pol\u00edticos o de qu\u00e9 color son\u201d, ha dicho Abell\u00e1n, quien asegura que el propietario del local \u201cest\u00e1 destrozado\u201d con todo lo ocurrido.<\/p>\n<p><strong>Todos los desaparecidos est\u00e1n localizados<\/strong><\/p>\n<p>Tras el hallazgo de la \u00fanica persona que se encontraba en paradero desconocido, ya se encuentran todos los desaparecidos localizados, seg\u00fan ha afirmado Jim\u00e9nez, quien ha explicado que han sido los familiares los que tras contactar con ella han dado parte a la Polic\u00eda.<\/p>\n<p>Seg\u00fan explicaba el delegado del gobierno esta ma\u00f1ana, ante la Polic\u00eda Nacional se hab\u00edan interpuesto 15 denuncias de personas desaparecidas por el tr\u00e1gico incendio en la discoteca de Murcia, de las que 13 han resultado estar fallecidas, una ha sido localizada en casa de unos amigos y faltaba otra por encontrar, que es la que ha aparecido esta tarde y se encuentra en buen estado de salud.<\/p>\n<p>El fuego se inici\u00f3 alrededor de las seis de la ma\u00f1ana del domingo en la parte de arriba de la discoteca y restaurante Fonda Milagros y se extendi\u00f3 con rapidez a la contigua sala Teatre, al parecer, a trav\u00e9s de los conductos del aire acondicionado.<\/p>\n<p>&nbsp;<\/p>\n<p>&nbsp;<\/p>\n","protected":false},"excerpt":{"rendered":"<p>Murcia (EFE).- La persona que todav\u00eda se encontraba desaparecida desde <a href=\"https:\/\/sertv.gob.pa\/nacionalfm\/las-discotecas-incendiadas-en-murcia-carecian-de-licencia-y-tenian-orden-de-cese-desde-2022\/\"> [&#8230;]<\/a><\/p>\n","protected":false},"author":9,"featured_media":91621,"comment_status":"closed","ping_status":"closed","sticky":false,"template":"","format":"standard","meta":{"footnotes":""},"categories":[3],"tags":[],"class_list":["post-91620","post","type-post","status-publish","format-standard","has-post-thumbnail","hentry","category-internacionales"],"_links":{"self":[{"href":"https:\/\/sertv.gob.pa\/nacionalfm\/wp-json\/wp\/v2\/posts\/91620","targetHints":{"allow":["GET"]}}],"collection":[{"href":"https:\/\/sertv.gob.pa\/nacionalfm\/wp-json\/wp\/v2\/posts"}],"about":[{"href":"https:\/\/sertv.gob.pa\/nacionalfm\/wp-json\/wp\/v2\/types\/post"}],"author":[{"embeddable":true,"href":"https:\/\/sertv.gob.pa\/nacionalfm\/wp-json\/wp\/v2\/users\/9"}],"replies":[{"embeddable":true,"href":"https:\/\/sertv.gob.pa\/nacionalfm\/wp-json\/wp\/v2\/comments?post=91620"}],"version-history":[{"count":1,"href":"https:\/\/sertv.gob.pa\/nacionalfm\/wp-json\/wp\/v2\/posts\/91620\/revisions"}],"predecessor-version":[{"id":91622,"href":"https:\/\/sertv.gob.pa\/nacionalfm\/wp-json\/wp\/v2\/posts\/91620\/revisions\/91622"}],"wp:featuredmedia":[{"embeddable":true,"href":"https:\/\/sertv.gob.pa\/nacionalfm\/wp-json\/wp\/v2\/media\/91621"}],"wp:attachment":[{"href":"https:\/\/sertv.gob.pa\/nacionalfm\/wp-json\/wp\/v2\/media?parent=91620"}],"wp:term":[{"taxonomy":"category","embeddable":true,"href":"https:\/\/sertv.gob.pa\/nacionalfm\/wp-json\/wp\/v2\/categories?post=91620"},{"taxonomy":"post_tag","embeddable":true,"href":"https:\/\/sertv.gob.pa\/nacionalfm\/wp-json\/wp\/v2\/tags?post=91620"}],"curies":[{"name":"wp","href":"https:\/\/api.w.org\/{rel}","templated":true}]}}