{"id":91641,"date":"2023-10-03T17:34:14","date_gmt":"2023-10-03T17:34:14","guid":{"rendered":"https:\/\/sertv.gob.pa\/nacionalfm\/?p=91641"},"modified":"2023-10-03T17:34:14","modified_gmt":"2023-10-03T17:34:14","slug":"un-menor-de-14-anos-mata-a-tres-personas-en-un-tiroteo-en-un-lujoso-centro-comercial-de-bangkok","status":"publish","type":"post","link":"https:\/\/sertv.gob.pa\/nacionalfm\/un-menor-de-14-anos-mata-a-tres-personas-en-un-tiroteo-en-un-lujoso-centro-comercial-de-bangkok\/","title":{"rendered":"Un menor de 14 a\u00f1os mata a tres personas en un tiroteo en un lujoso centro comercial de Bangkok"},"content":{"rendered":"<div class=\"fusion-fullwidth fullwidth-box fusion-builder-row-1 fusion-flex-container has-pattern-background has-mask-background nonhundred-percent-fullwidth non-hundred-percent-height-scrolling\" style=\"--awb-border-radius-top-left:0px;--awb-border-radius-top-right:0px;--awb-border-radius-bottom-right:0px;--awb-border-radius-bottom-left:0px;--awb-flex-wrap:wrap;\" ><div class=\"fusion-builder-row fusion-row fusion-flex-align-items-flex-start fusion-flex-content-wrap\" style=\"max-width:1144px;margin-left: calc(-4% \/ 2 );margin-right: calc(-4% \/ 2 );\"><div class=\"fusion-layout-column fusion_builder_column fusion-builder-column-0 fusion_builder_column_1_1 1_1 fusion-flex-column\" style=\"--awb-bg-size:cover;--awb-width-large:100%;--awb-margin-top-large:0px;--awb-spacing-right-large:1.92%;--awb-margin-bottom-large:20px;--awb-spacing-left-large:1.92%;--awb-width-medium:100%;--awb-order-medium:0;--awb-spacing-right-medium:1.92%;--awb-spacing-left-medium:1.92%;--awb-width-small:100%;--awb-order-small:0;--awb-spacing-right-small:1.92%;--awb-spacing-left-small:1.92%;\"><div class=\"fusion-column-wrapper fusion-column-has-shadow fusion-flex-justify-content-flex-start fusion-content-layout-column\"><div class=\"fusion-text fusion-text-1\"><p><strong><em>Bangkok (EFE).-<\/em><\/strong> La Polic\u00eda de Tailandia detuvo a un menor de 14 a\u00f1os como supuesto autor de un tiroteo ocurrido este martes en un lujoso centro comercial de Bangkok, en el que ha muerto al menos una persona, mientras que dos heridos se encuentran graves.<\/p>\n<p>Las autoridades indicaron en las redes sociales que el joven est\u00e1 bajo custodia policial tras el incidente en medio de la confusi\u00f3n sobre el n\u00famero de muertos, que los servicios de emergencia elevaron a tres en un inicio.<\/p>\n<p>Con posterioridad los servicios de emergencia dicen que solo hay un muerto, una persona de nacionalidad china, y 6 heridos, dos de ellos de gravedad, mientras que fuentes de la Polic\u00eda indicaron a EFE previamente que hab\u00eda dos personas muertas, una de nacionalidad china y otra de Birmania.<\/p>\n<p>El suceso comenz\u00f3 alrededor de las 16.30 hora local (9.30 GMT) en el centro comercial Siam Paragon, uno de los m\u00e1s populares de la capital y ubicado en una de sus principales avenidas.<\/p>\n<p>Tras escucharse varios disparos, la Polic\u00eda procedi\u00f3 entonces a la evacuaci\u00f3n del recinto, del que salieron cientos de personas, y el sistema del tren elevado fue suspendido temporalmente.<\/p>\n<p>Una hora despu\u00e9s del tiroteo en los alrededores del centro comercial continuaba la confusi\u00f3n entre un gran n\u00famero de personas que transitaban la zona en plena hora punta.<\/p>\n<\/div><div class=\"awb-gallery-wrapper awb-gallery-wrapper-1 button-span-no\" style=\"--more-btn-alignment:center;\"><div style=\"margin:-5px;--awb-bordersize:0px;\" class=\"fusion-gallery fusion-gallery-container fusion-grid-3 fusion-columns-total-1 fusion-gallery-layout-grid fusion-gallery-1\"><div style=\"padding:5px;\" class=\"fusion-grid-column fusion-gallery-column fusion-gallery-column-3 hover-type-none\"><div class=\"fusion-gallery-image\"><a href=\"https:\/\/sertv.gob.pa\/nacionalfm\/wp-content\/uploads\/sites\/6\/2023\/10\/MENOR-TIROTEO-TAILANDIAjpg.jpg\" rel=\"noreferrer\" data-rel=\"iLightbox[gallery_image_1]\" class=\"fusion-lightbox\" target=\"_self\"><img decoding=\"async\" src=\"https:\/\/sertv.gob.pa\/nacionalfm\/wp-content\/uploads\/sites\/6\/2023\/10\/MENOR-TIROTEO-TAILANDIAjpg.jpg\" width=\"600\" height=\"436\" alt=\"\" title=\"MENOR-TIROTEO-TAILANDIAjpg\" aria-label=\"MENOR-TIROTEO-TAILANDIAjpg\" class=\"img-responsive wp-image-91643\" srcset=\"https:\/\/sertv.gob.pa\/nacionalfm\/wp-content\/uploads\/sites\/6\/2023\/10\/MENOR-TIROTEO-TAILANDIAjpg-200x145.jpg 200w, https:\/\/sertv.gob.pa\/nacionalfm\/wp-content\/uploads\/sites\/6\/2023\/10\/MENOR-TIROTEO-TAILANDIAjpg-400x291.jpg 400w, https:\/\/sertv.gob.pa\/nacionalfm\/wp-content\/uploads\/sites\/6\/2023\/10\/MENOR-TIROTEO-TAILANDIAjpg.jpg 600w\" sizes=\"(min-width: 2200px) 100vw, (min-width: 784px) 363px, (min-width: 712px) 545px, (min-width: 640px) 712px, \" \/><\/a><\/div><\/div><\/div><\/div><\/div><\/div><\/div><\/div>\n","protected":false},"excerpt":{"rendered":"","protected":false},"author":9,"featured_media":91642,"comment_status":"closed","ping_status":"closed","sticky":false,"template":"","format":"standard","meta":{"footnotes":""},"categories":[3],"tags":[],"class_list":["post-91641","post","type-post","status-publish","format-standard","has-post-thumbnail","hentry","category-internacionales"],"_links":{"self":[{"href":"https:\/\/sertv.gob.pa\/nacionalfm\/wp-json\/wp\/v2\/posts\/91641","targetHints":{"allow":["GET"]}}],"collection":[{"href":"https:\/\/sertv.gob.pa\/nacionalfm\/wp-json\/wp\/v2\/posts"}],"about":[{"href":"https:\/\/sertv.gob.pa\/nacionalfm\/wp-json\/wp\/v2\/types\/post"}],"author":[{"embeddable":true,"href":"https:\/\/sertv.gob.pa\/nacionalfm\/wp-json\/wp\/v2\/users\/9"}],"replies":[{"embeddable":true,"href":"https:\/\/sertv.gob.pa\/nacionalfm\/wp-json\/wp\/v2\/comments?post=91641"}],"version-history":[{"count":1,"href":"https:\/\/sertv.gob.pa\/nacionalfm\/wp-json\/wp\/v2\/posts\/91641\/revisions"}],"predecessor-version":[{"id":91644,"href":"https:\/\/sertv.gob.pa\/nacionalfm\/wp-json\/wp\/v2\/posts\/91641\/revisions\/91644"}],"wp:featuredmedia":[{"embeddable":true,"href":"https:\/\/sertv.gob.pa\/nacionalfm\/wp-json\/wp\/v2\/media\/91642"}],"wp:attachment":[{"href":"https:\/\/sertv.gob.pa\/nacionalfm\/wp-json\/wp\/v2\/media?parent=91641"}],"wp:term":[{"taxonomy":"category","embeddable":true,"href":"https:\/\/sertv.gob.pa\/nacionalfm\/wp-json\/wp\/v2\/categories?post=91641"},{"taxonomy":"post_tag","embeddable":true,"href":"https:\/\/sertv.gob.pa\/nacionalfm\/wp-json\/wp\/v2\/tags?post=91641"}],"curies":[{"name":"wp","href":"https:\/\/api.w.org\/{rel}","templated":true}]}}