{"id":91685,"date":"2023-10-04T18:00:30","date_gmt":"2023-10-04T18:00:30","guid":{"rendered":"https:\/\/sertv.gob.pa\/nacionalfm\/?p=91685"},"modified":"2023-10-04T18:00:30","modified_gmt":"2023-10-04T18:00:30","slug":"un-operativo-en-el-norte-de-mexico-orilla-a-2-000-migrantes-al-fronterizo-rio-bravo","status":"publish","type":"post","link":"https:\/\/sertv.gob.pa\/nacionalfm\/un-operativo-en-el-norte-de-mexico-orilla-a-2-000-migrantes-al-fronterizo-rio-bravo\/","title":{"rendered":"Un operativo en el norte de M\u00e9xico orilla a 2.000 migrantes al fronterizo r\u00edo Bravo"},"content":{"rendered":"<p><strong><em>Ciudad Ju\u00e1rez (M\u00e9xico) (EFE).<\/em><\/strong>&#8211; Un operativo de las autoridades mexicanas en la frontera norte orill\u00f3 este mi\u00e9rcoles a 2.000 migrantes al r\u00edo Bravo, compartido con Estados Unidos, en un episodio que refleja la creciente ola migratoria reciente.<\/p>\n<p>Las advertencias del Instituto Nacional de Migraci\u00f3n (INM) de M\u00e9xico y de la Polic\u00eda de Ciudad Ju\u00e1rez provocaron que los extranjeros cruzaran durante la madrugada el r\u00edo, donde permanecieron entre las aguas negras del drenaje y el cerco de alambre de navajas que instal\u00f3 la Guardia Nacional de Texas.<\/p>\n<p>Los migrantes, que llevaban al menos una semana a bordo del tren o caminando, clamaron por agua y alimento, pues tem\u00edan que al cruzar al lado mexicano los detuviese el INM.<\/p>\n<p><strong><em>Una migraci\u00f3n ordenada<\/em><\/strong><\/p>\n<p>C\u00e9sar Omar Mu\u00f1oz, secretario de Seguridad P\u00fablica de Ciudad Ju\u00e1rez, dijo que no les permitir\u00edan pernoctar en el \u00e1rea mexicana, y que cuando se acercaron a darles informaci\u00f3n sobre albergues y alternativas los migrantes se asustaron y cruzaron al lado estadounidense.<\/p>\n<p>\u201cLa opci\u00f3n no es quedarse a dormir ah\u00ed, hay m\u00e1s opciones que podemos darles nosotros de este lado para poderlos auxiliar, ellos temen que la presencia de nosotros es porque nos los vamos a llevar y no, solo vamos a darles informaci\u00f3n\u201d, afirm\u00f3 a los medios.<\/p>\n<p>Manuel Alfonso Mar\u00edn Salazar, titular del INM en Chihuahua, prometi\u00f3 que cualquiera puede tramitar su residencia permanente en M\u00e9xico.<\/p>\n<p>\u201cEstamos apuntando a una migraci\u00f3n ordenada, sabemos que no es un lugar para estar, para dormir, vienen muchos ni\u00f1os. Entonces tenemos que cuidar la integridad de las personas, hay lugares d\u00f3nde quedarse, hay formas ordenadas para solicitar el refugio y el asilo en Estados Unidos y es lo que estamos buscando\u201d, asegur\u00f3.<\/p>\n<p>La situaci\u00f3n refleja el \u201caumento sin precedentes de personas migrantes en Centroam\u00e9rica y M\u00e9xico\u201d, como advirti\u00f3 la Organizaci\u00f3n Internacional de las Migraciones (OIM) la semana pasada.<\/p>\n","protected":false},"excerpt":{"rendered":"<p>Ciudad Ju\u00e1rez (M\u00e9xico) (EFE).&#8211; Un operativo de las autoridades mexicanas <a href=\"https:\/\/sertv.gob.pa\/nacionalfm\/un-operativo-en-el-norte-de-mexico-orilla-a-2-000-migrantes-al-fronterizo-rio-bravo\/\"> [&#8230;]<\/a><\/p>\n","protected":false},"author":9,"featured_media":91686,"comment_status":"closed","ping_status":"closed","sticky":false,"template":"","format":"standard","meta":{"footnotes":""},"categories":[3],"tags":[],"class_list":["post-91685","post","type-post","status-publish","format-standard","has-post-thumbnail","hentry","category-internacionales"],"_links":{"self":[{"href":"https:\/\/sertv.gob.pa\/nacionalfm\/wp-json\/wp\/v2\/posts\/91685","targetHints":{"allow":["GET"]}}],"collection":[{"href":"https:\/\/sertv.gob.pa\/nacionalfm\/wp-json\/wp\/v2\/posts"}],"about":[{"href":"https:\/\/sertv.gob.pa\/nacionalfm\/wp-json\/wp\/v2\/types\/post"}],"author":[{"embeddable":true,"href":"https:\/\/sertv.gob.pa\/nacionalfm\/wp-json\/wp\/v2\/users\/9"}],"replies":[{"embeddable":true,"href":"https:\/\/sertv.gob.pa\/nacionalfm\/wp-json\/wp\/v2\/comments?post=91685"}],"version-history":[{"count":1,"href":"https:\/\/sertv.gob.pa\/nacionalfm\/wp-json\/wp\/v2\/posts\/91685\/revisions"}],"predecessor-version":[{"id":91687,"href":"https:\/\/sertv.gob.pa\/nacionalfm\/wp-json\/wp\/v2\/posts\/91685\/revisions\/91687"}],"wp:featuredmedia":[{"embeddable":true,"href":"https:\/\/sertv.gob.pa\/nacionalfm\/wp-json\/wp\/v2\/media\/91686"}],"wp:attachment":[{"href":"https:\/\/sertv.gob.pa\/nacionalfm\/wp-json\/wp\/v2\/media?parent=91685"}],"wp:term":[{"taxonomy":"category","embeddable":true,"href":"https:\/\/sertv.gob.pa\/nacionalfm\/wp-json\/wp\/v2\/categories?post=91685"},{"taxonomy":"post_tag","embeddable":true,"href":"https:\/\/sertv.gob.pa\/nacionalfm\/wp-json\/wp\/v2\/tags?post=91685"}],"curies":[{"name":"wp","href":"https:\/\/api.w.org\/{rel}","templated":true}]}}