{"id":91720,"date":"2023-10-05T18:25:17","date_gmt":"2023-10-05T18:25:17","guid":{"rendered":"https:\/\/sertv.gob.pa\/nacionalfm\/?p=91720"},"modified":"2023-10-05T18:25:17","modified_gmt":"2023-10-05T18:25:17","slug":"el-gobierno-canario-activa-el-nivel-2-del-incendio-forestal-en-tenerife","status":"publish","type":"post","link":"https:\/\/sertv.gob.pa\/nacionalfm\/el-gobierno-canario-activa-el-nivel-2-del-incendio-forestal-en-tenerife\/","title":{"rendered":"El Gobierno canario activa el nivel 2 del incendio forestal en Tenerife"},"content":{"rendered":"<p><strong><em>Santa Cruz de Tenerife (EFE).-<\/em><\/strong> El Gobierno de Canarias ha declarado el nivel 2 del INFOCA al incendio forestal de Tenerife y ha asumido su control a petici\u00f3n del Cabildo de Tenerife, seg\u00fan la informaci\u00f3n facilitada esta noche por Emergencias Canarias 112.<\/p>\n<p>Fuentes de Centro Coordinador de Emergencias y Salvamento del Gobierno de Canarias, que ha asumido la direcci\u00f3n de los trabajos de extinci\u00f3n del fuego, ha informado a EFE que durante la noche han trabajo un operativo de 120 personas, entre ellos la Unidad Militar de Emergencias, que se ha incorporado sobre las tres de la ma\u00f1ana.<\/p>\n<p>De esta Unidad, han participado 60 militares y 26 veh\u00edculos, seg\u00fan informa en sus redes sociales.<\/p>\n<p>De momento, el incendio se mantiene a distancia de las viviendas de Pino Alto, donde trabajan diferentes unidades de Bomberos y Brifor.<\/p>\n<p><strong>Nueve medios a\u00e9reos intervendr\u00e1n para atacar el incendio forestal de Tenerife<\/strong><\/p>\n<p>Hasta nueve medios a\u00e9reos est\u00e1 previsto que intervengan en la reactivaci\u00f3n en los municipios de Santa \u00darsula y La Orotava.<\/p>\n<p>Tambi\u00e9n surgieron dos nuevos conatos de fuego en la zona de Aguamansa, que fueron sofocados por BRIFOR y Protecci\u00f3n Civil de la Orotava\u00b7<\/p>\n<p>Simult\u00e1neamente se han reproducido las llamas en la Ladera de La Florida, en una zona imposible de acceder con medios terrestres y cuya evoluci\u00f3n se vigilar\u00e1 durante las pr\u00f3ximas horas.<\/p>\n<p><strong>Casi 3.000 personas evacuadas<\/strong><\/p>\n<p>Unas 2.600 personas fueron desalojadas en la tarde de ayer en la zona de Santa \u00darsula, en los n\u00facleos de La Corujera y Pino Alto.<\/p>\n<p>Adem\u00e1s se realojaron en diferentes centros a aquellas personas que necesitaban alg\u00fan tipo de atenci\u00f3n sociosanitaria especial y se a los animales que se encontraban en la zona.<\/p>\n<p><a href=\"https:\/\/efe.com\/espana\/2023-10-05\/calor-espana-riesgo-amarillo-canarias\/\" target=\"_blank\" rel=\"noopener\"><strong>Las condiciones de calor<\/strong><\/a>, con temperaturas que rondaron los 39 grados en el norte de Tenerife, as\u00ed como el viento y la baja humedad dificultaron las labores de extinci\u00f3n del incendio, que a \u00faltima hora pudo ser estabilizado dentro del per\u00edmetro del\u00a0<a href=\"https:\/\/efe.com\/canarias\/2023-09-11\/controlado-el-incendio-de-tenerife-tras-casi-un-mes-desde-su-inicio\/\" target=\"_blank\" rel=\"noopener\"><strong>incendio de agosto<\/strong><\/a>.<\/p>\n<p>Aunque el fuego se dio por estabilizado a primeras horas de la noche de ayer, el viento y las altas temperaturas complicaron su evoluci\u00f3n.<\/p>\n<p>El incendio comenz\u00f3 el 15 de agosto y se dio por controlado el 11 de septiembre, pero no se ha dado por extinguido dado que en el amplio per\u00edmetro, que abarca unas 14.000 hect\u00e1reas, se han producido varias reactivaciones.<\/p>\n","protected":false},"excerpt":{"rendered":"<p>Santa Cruz de Tenerife (EFE).- El Gobierno de Canarias ha <a href=\"https:\/\/sertv.gob.pa\/nacionalfm\/el-gobierno-canario-activa-el-nivel-2-del-incendio-forestal-en-tenerife\/\"> [&#8230;]<\/a><\/p>\n","protected":false},"author":9,"featured_media":91721,"comment_status":"closed","ping_status":"closed","sticky":false,"template":"","format":"standard","meta":{"footnotes":""},"categories":[3],"tags":[],"class_list":["post-91720","post","type-post","status-publish","format-standard","has-post-thumbnail","hentry","category-internacionales"],"_links":{"self":[{"href":"https:\/\/sertv.gob.pa\/nacionalfm\/wp-json\/wp\/v2\/posts\/91720","targetHints":{"allow":["GET"]}}],"collection":[{"href":"https:\/\/sertv.gob.pa\/nacionalfm\/wp-json\/wp\/v2\/posts"}],"about":[{"href":"https:\/\/sertv.gob.pa\/nacionalfm\/wp-json\/wp\/v2\/types\/post"}],"author":[{"embeddable":true,"href":"https:\/\/sertv.gob.pa\/nacionalfm\/wp-json\/wp\/v2\/users\/9"}],"replies":[{"embeddable":true,"href":"https:\/\/sertv.gob.pa\/nacionalfm\/wp-json\/wp\/v2\/comments?post=91720"}],"version-history":[{"count":1,"href":"https:\/\/sertv.gob.pa\/nacionalfm\/wp-json\/wp\/v2\/posts\/91720\/revisions"}],"predecessor-version":[{"id":91722,"href":"https:\/\/sertv.gob.pa\/nacionalfm\/wp-json\/wp\/v2\/posts\/91720\/revisions\/91722"}],"wp:featuredmedia":[{"embeddable":true,"href":"https:\/\/sertv.gob.pa\/nacionalfm\/wp-json\/wp\/v2\/media\/91721"}],"wp:attachment":[{"href":"https:\/\/sertv.gob.pa\/nacionalfm\/wp-json\/wp\/v2\/media?parent=91720"}],"wp:term":[{"taxonomy":"category","embeddable":true,"href":"https:\/\/sertv.gob.pa\/nacionalfm\/wp-json\/wp\/v2\/categories?post=91720"},{"taxonomy":"post_tag","embeddable":true,"href":"https:\/\/sertv.gob.pa\/nacionalfm\/wp-json\/wp\/v2\/tags?post=91720"}],"curies":[{"name":"wp","href":"https:\/\/api.w.org\/{rel}","templated":true}]}}