{"id":91748,"date":"2023-10-06T17:57:48","date_gmt":"2023-10-06T17:57:48","guid":{"rendered":"https:\/\/sertv.gob.pa\/nacionalfm\/?p=91748"},"modified":"2023-10-06T17:57:48","modified_gmt":"2023-10-06T17:57:48","slug":"los-cayucos-han-movido-a-el-hierro-a-4-366-migrantes-en-5-meses-casi-un-millar-menores","status":"publish","type":"post","link":"https:\/\/sertv.gob.pa\/nacionalfm\/los-cayucos-han-movido-a-el-hierro-a-4-366-migrantes-en-5-meses-casi-un-millar-menores\/","title":{"rendered":"Los cayucos han movido a El Hierro a 4.366 migrantes en 5 meses, casi un millar menores"},"content":{"rendered":"<p><strong><em>Las Palmas de Gran Canaria (EFE).-<\/em><\/strong> El retorno de los cayucos a la Ruta Canaria ha devuelto a El Hierro a unas cifras de llegadas que hace a\u00f1os que no viv\u00eda: 4.366 inmigrantes ha recibido la isla en los \u00faltimos cinco meses, casi un millar de ellos menores de edad, seg\u00fan datos de Cruz Roja a los que ha tenido acceso EFE.<\/p>\n<p>Tras el protagonismo que durante meses han tenido las lanchas neum\u00e1ticas en las traves\u00edas m\u00e1s cortas -hacia Lanzarote y Fuerteventura-, la ruta ha dado claramente un vuelco este verano, con particular intensidad desde el mes de septiembre, que coloca a la m\u00e1s occidental de las islas de Canarias en el centro del tablero.<\/p>\n<p><strong>La Ruta Canaria que parec\u00eda estabilizada<\/strong><\/p>\n<p>Durante 2022 y el primer semestre de 2023 la Ruta Canaria parec\u00eda dar signos de estabilizaci\u00f3n, incluso de descenso: el a\u00f1o pasado se cerr\u00f3 con 15.682 llegadas, un 30 % menos que en 2021 (22.316), y a 31 de mayo el flujo de inmigrantes hacia las islas se hab\u00eda reducido otro 47 % (de 8.268 a 4.406), seg\u00fan los balances quincenales que publica el Ministerio del Interior.<\/p>\n<p>El Gobierno no divulga datos por islas, pero Cruz Roja, que atiende todas las llegadas en los muelles, s\u00ed lleva esa cuenta.<\/p>\n<p>A 3 de mayo, la isla con m\u00e1s llegadas era Lanzarote, con 1.759, el 50 % de todo el tr\u00e1fico de la Ruta Canaria a esa fecha (3.211); seguida por Gran Canaria, con 803 (23,4 %), y Fuerteventura, con 762 (22,5 %). En ese momento, en Tenerife se contaban 76 rescatados (2,2 %) y en El Hierro, solo nueve, de una misma barca (0,26 %).<\/p>\n<p>El balance a 6 de octubre es muy distinto, con 18.001 llegadas totales, de acuerdo con el recuento provisional de Cruz Roja.<\/p>\n<p>&nbsp;<\/p>\n","protected":false},"excerpt":{"rendered":"<p>Las Palmas de Gran Canaria (EFE).- El retorno de los <a href=\"https:\/\/sertv.gob.pa\/nacionalfm\/los-cayucos-han-movido-a-el-hierro-a-4-366-migrantes-en-5-meses-casi-un-millar-menores\/\"> [&#8230;]<\/a><\/p>\n","protected":false},"author":9,"featured_media":91749,"comment_status":"closed","ping_status":"closed","sticky":false,"template":"","format":"standard","meta":{"footnotes":""},"categories":[3],"tags":[],"class_list":["post-91748","post","type-post","status-publish","format-standard","has-post-thumbnail","hentry","category-internacionales"],"_links":{"self":[{"href":"https:\/\/sertv.gob.pa\/nacionalfm\/wp-json\/wp\/v2\/posts\/91748","targetHints":{"allow":["GET"]}}],"collection":[{"href":"https:\/\/sertv.gob.pa\/nacionalfm\/wp-json\/wp\/v2\/posts"}],"about":[{"href":"https:\/\/sertv.gob.pa\/nacionalfm\/wp-json\/wp\/v2\/types\/post"}],"author":[{"embeddable":true,"href":"https:\/\/sertv.gob.pa\/nacionalfm\/wp-json\/wp\/v2\/users\/9"}],"replies":[{"embeddable":true,"href":"https:\/\/sertv.gob.pa\/nacionalfm\/wp-json\/wp\/v2\/comments?post=91748"}],"version-history":[{"count":1,"href":"https:\/\/sertv.gob.pa\/nacionalfm\/wp-json\/wp\/v2\/posts\/91748\/revisions"}],"predecessor-version":[{"id":91750,"href":"https:\/\/sertv.gob.pa\/nacionalfm\/wp-json\/wp\/v2\/posts\/91748\/revisions\/91750"}],"wp:featuredmedia":[{"embeddable":true,"href":"https:\/\/sertv.gob.pa\/nacionalfm\/wp-json\/wp\/v2\/media\/91749"}],"wp:attachment":[{"href":"https:\/\/sertv.gob.pa\/nacionalfm\/wp-json\/wp\/v2\/media?parent=91748"}],"wp:term":[{"taxonomy":"category","embeddable":true,"href":"https:\/\/sertv.gob.pa\/nacionalfm\/wp-json\/wp\/v2\/categories?post=91748"},{"taxonomy":"post_tag","embeddable":true,"href":"https:\/\/sertv.gob.pa\/nacionalfm\/wp-json\/wp\/v2\/tags?post=91748"}],"curies":[{"name":"wp","href":"https:\/\/api.w.org\/{rel}","templated":true}]}}