{"id":9175,"date":"2015-12-04T16:18:36","date_gmt":"2015-12-04T16:18:36","guid":{"rendered":""},"modified":"2015-12-04T16:18:36","modified_gmt":"2015-12-04T16:18:36","slug":"marihuana-medicinal-y-su-efecto-en-epilepticos","status":"publish","type":"post","link":"https:\/\/sertv.gob.pa\/nacionalfm\/marihuana-medicinal-y-su-efecto-en-epilepticos\/","title":{"rendered":"Marihuana medicinal y su efecto en epil\u00e9pticos"},"content":{"rendered":"<p>\nPor cada a\u00f1o que cumple su hija, In\u00e9s Cano se tat\u00faa una mariposa. As\u00ed celebra, gracias a la marihuana medicinal, en v\u00edas de ser legal en Colombia, la resistencia de la ni\u00f1a a la epilepsia cr\u00f3nica que sufre desde que naci\u00f3. <\/p>\n<p>Doce mariposas le recuerdan que es posible mitigar el sufrimiento de Luna -a quien la epilepsia le gener\u00f3 convulsiones extremas y retraso en el neurodesarrollo-, en momentos en que el gobierno se dispone a regular por decreto el uso de cannabis con prop\u00f3sitos terap\u00e9uticos. <\/p>\n<p>\u00abLuna todos los d\u00edas de su vida convulsion\u00f3, al despertar y al dormirse. Pod\u00eda convulsionar una, dos horas\u00bb, cuenta a la AFP desde su casa en Medell\u00edn (noroeste) In\u00e9s, quien durante siete a\u00f1os carg\u00f3 a su hija en la espalda hasta que la peque\u00f1a pudo caminar. <\/p>\n<p>\u00abLa convulsi\u00f3n es dolor, angustia, impotencia. Es un fantasma que te atrapa, pero el cannabis hizo que se sintiera mejor. Luna comenz\u00f3 a reconocer colores, a comer sola, a ser m\u00e1s independiente\u00bb, afirma esta mujer de 36 a\u00f1os, a quien a pesar de todo se le dibuja una sonrisa. <\/p>\n<p>Luna tom\u00f3 12 tipos de medicaci\u00f3n anticonvulsionante, sin \u00e9xito. <\/p>\n<p>Los estimulantes tampoco serv\u00edan \u00abporque tiene un sistema de defensa muy bajito\u00bb, explica esta aguerrida madre. <\/p>\n<p>\u00abNinguna le sirvi\u00f3, hasta los 11 a\u00f1os. Fue entonces que \u00abse (le) encendi\u00f3 esa &#8216;lucecita&#8217; en el camino: el cannabis medicinal. Es la \u00fanica soluci\u00f3n\u00bb, asegura. <\/p>\n<p>Desde enero pasado, una gota de extracto de cannabis en la noche representa la esperanza de un d\u00eda sin convulsiones para Luna. <\/p>\n<p>\u00abAl noveno d\u00eda (de tomarlo), deja de convulsionar como si fuera un milagro. Por eso pienso que es importante, y m\u00e1s en el pa\u00eds en que vivimos, con tierras f\u00e9rtiles, sacarle el provecho a esa matica (plantita)\u00bb, cuenta. <\/p>\n<p>El decreto que prepara la administraci\u00f3n de Juan Manuel Santos reglamenta la producci\u00f3n, distribuci\u00f3n, comercializaci\u00f3n y exportaci\u00f3n de marihuana con fines terap\u00e9uticos. <\/p>\n<p>Adicionalmente, el Congreso estudia un proyecto de ley sobre cannabis medicinal, que espera definir tasas para los cultivos, entre otros detalles. <\/p>\n<p>\u00a0 <\/p>\n","protected":false},"excerpt":{"rendered":"<p>Por cada a\u00f1o que cumple su hija, In\u00e9s Cano se <a href=\"https:\/\/sertv.gob.pa\/nacionalfm\/marihuana-medicinal-y-su-efecto-en-epilepticos\/\"> [&#8230;]<\/a><\/p>\n","protected":false},"author":1,"featured_media":9176,"comment_status":"closed","ping_status":"closed","sticky":false,"template":"","format":"standard","meta":{"footnotes":""},"categories":[5],"tags":[],"class_list":["post-9175","post","type-post","status-publish","format-standard","has-post-thumbnail","hentry","category-salud"],"_links":{"self":[{"href":"https:\/\/sertv.gob.pa\/nacionalfm\/wp-json\/wp\/v2\/posts\/9175","targetHints":{"allow":["GET"]}}],"collection":[{"href":"https:\/\/sertv.gob.pa\/nacionalfm\/wp-json\/wp\/v2\/posts"}],"about":[{"href":"https:\/\/sertv.gob.pa\/nacionalfm\/wp-json\/wp\/v2\/types\/post"}],"author":[{"embeddable":true,"href":"https:\/\/sertv.gob.pa\/nacionalfm\/wp-json\/wp\/v2\/users\/1"}],"replies":[{"embeddable":true,"href":"https:\/\/sertv.gob.pa\/nacionalfm\/wp-json\/wp\/v2\/comments?post=9175"}],"version-history":[{"count":0,"href":"https:\/\/sertv.gob.pa\/nacionalfm\/wp-json\/wp\/v2\/posts\/9175\/revisions"}],"wp:featuredmedia":[{"embeddable":true,"href":"https:\/\/sertv.gob.pa\/nacionalfm\/wp-json\/wp\/v2\/media\/9176"}],"wp:attachment":[{"href":"https:\/\/sertv.gob.pa\/nacionalfm\/wp-json\/wp\/v2\/media?parent=9175"}],"wp:term":[{"taxonomy":"category","embeddable":true,"href":"https:\/\/sertv.gob.pa\/nacionalfm\/wp-json\/wp\/v2\/categories?post=9175"},{"taxonomy":"post_tag","embeddable":true,"href":"https:\/\/sertv.gob.pa\/nacionalfm\/wp-json\/wp\/v2\/tags?post=9175"}],"curies":[{"name":"wp","href":"https:\/\/api.w.org\/{rel}","templated":true}]}}