{"id":91779,"date":"2023-10-09T16:38:56","date_gmt":"2023-10-09T16:38:56","guid":{"rendered":"https:\/\/sertv.gob.pa\/nacionalfm\/?p=91779"},"modified":"2023-10-09T16:38:56","modified_gmt":"2023-10-09T16:38:56","slug":"despliegan-un-megaoperativo-en-tres-favelas-de-rio-de-janeiro-para-capturar-a-una-centena-de-criminales","status":"publish","type":"post","link":"https:\/\/sertv.gob.pa\/nacionalfm\/despliegan-un-megaoperativo-en-tres-favelas-de-rio-de-janeiro-para-capturar-a-una-centena-de-criminales\/","title":{"rendered":"Despliegan un megaoperativo en tres favelas de R\u00edo de Janeiro para capturar a una centena de criminales"},"content":{"rendered":"<p><strong><em>R\u00edo de Janeiro, (EFE).-<\/em><\/strong> Cerca de 1.000 polic\u00edas fueron desplegados este lunes en tres de las favelas m\u00e1s violentas de R\u00edo de Janeiro en un megaoperativo con el que las autoridades buscan atrapar a cabecillas del Comando Vermelho, una de las organizaciones criminales m\u00e1s peligrosas de\u00a0Brasil, informaron fuentes oficiales.<\/p>\n<p>Las acciones se desarrollan en el Complexo da Mar\u00e9, Vila Cruzeiro y Cidade de Deus, donde los agentes buscan cumplir 100 \u00f3rdenes de captura, seg\u00fan dijo en una rueda de prensa el secretario de la Polic\u00eda Civil del estado de R\u00edo de Janeiro, Jos\u00e9 Renato Torres.<\/p>\n<p>Vecinos de las comunidades relataron en las redes sociales que se registraron intensos tiroteos desde la madrugada que obligaron a cerrar escuelas y centros de salud y, hasta el momento, se desconoce si se han registrado muertos o heridos durante las acciones.<\/p>\n<p>Las autoridades se\u00f1alaron que dos helic\u00f3pteros fueron alcanzados por tiros y tuvieron que aterrizar de emergencia, pero sin que se registraran heridos.<\/p>\n<p>En el Complexo da Mar\u00e9, un gigantesco y peligroso conglomerado de 16 favelas en el norte de R\u00edo, EFE pudo constatar el desmantelamiento de un dep\u00f3sito de producci\u00f3n de drogas y artefactos explosivos. Cuatro personas fueron detenidas, seg\u00fan las autoridades.<\/p>\n<p>En Vila Cruzeiro, los criminales armaron barricadas y quemaron objetos para dificultar el acceso de los uniformados.<\/p>\n<p>&nbsp;<\/p>\n","protected":false},"excerpt":{"rendered":"<p>R\u00edo de Janeiro, (EFE).- Cerca de 1.000 polic\u00edas fueron desplegados <a href=\"https:\/\/sertv.gob.pa\/nacionalfm\/despliegan-un-megaoperativo-en-tres-favelas-de-rio-de-janeiro-para-capturar-a-una-centena-de-criminales\/\"> [&#8230;]<\/a><\/p>\n","protected":false},"author":9,"featured_media":91780,"comment_status":"closed","ping_status":"closed","sticky":false,"template":"","format":"standard","meta":{"footnotes":""},"categories":[3],"tags":[],"class_list":["post-91779","post","type-post","status-publish","format-standard","has-post-thumbnail","hentry","category-internacionales"],"_links":{"self":[{"href":"https:\/\/sertv.gob.pa\/nacionalfm\/wp-json\/wp\/v2\/posts\/91779","targetHints":{"allow":["GET"]}}],"collection":[{"href":"https:\/\/sertv.gob.pa\/nacionalfm\/wp-json\/wp\/v2\/posts"}],"about":[{"href":"https:\/\/sertv.gob.pa\/nacionalfm\/wp-json\/wp\/v2\/types\/post"}],"author":[{"embeddable":true,"href":"https:\/\/sertv.gob.pa\/nacionalfm\/wp-json\/wp\/v2\/users\/9"}],"replies":[{"embeddable":true,"href":"https:\/\/sertv.gob.pa\/nacionalfm\/wp-json\/wp\/v2\/comments?post=91779"}],"version-history":[{"count":1,"href":"https:\/\/sertv.gob.pa\/nacionalfm\/wp-json\/wp\/v2\/posts\/91779\/revisions"}],"predecessor-version":[{"id":91781,"href":"https:\/\/sertv.gob.pa\/nacionalfm\/wp-json\/wp\/v2\/posts\/91779\/revisions\/91781"}],"wp:featuredmedia":[{"embeddable":true,"href":"https:\/\/sertv.gob.pa\/nacionalfm\/wp-json\/wp\/v2\/media\/91780"}],"wp:attachment":[{"href":"https:\/\/sertv.gob.pa\/nacionalfm\/wp-json\/wp\/v2\/media?parent=91779"}],"wp:term":[{"taxonomy":"category","embeddable":true,"href":"https:\/\/sertv.gob.pa\/nacionalfm\/wp-json\/wp\/v2\/categories?post=91779"},{"taxonomy":"post_tag","embeddable":true,"href":"https:\/\/sertv.gob.pa\/nacionalfm\/wp-json\/wp\/v2\/tags?post=91779"}],"curies":[{"name":"wp","href":"https:\/\/api.w.org\/{rel}","templated":true}]}}