{"id":91816,"date":"2023-10-10T17:23:22","date_gmt":"2023-10-10T17:23:22","guid":{"rendered":"https:\/\/sertv.gob.pa\/nacionalfm\/?p=91816"},"modified":"2023-10-10T17:23:22","modified_gmt":"2023-10-10T17:23:22","slug":"el-numero-de-muertos-en-la-nueva-guerra-entre-israelies-y-palestinos-supera-ya-los-3-000","status":"publish","type":"post","link":"https:\/\/sertv.gob.pa\/nacionalfm\/el-numero-de-muertos-en-la-nueva-guerra-entre-israelies-y-palestinos-supera-ya-los-3-000\/","title":{"rendered":"El n\u00famero de muertos en la nueva guerra entre israel\u00edes y palestinos supera ya los 3.000"},"content":{"rendered":"<p><strong><em>Jerusal\u00e9n\/Gaza (EFE) .-<\/em><\/strong> Israel y las milicias palestinas de Gaza entran en su cuarto d\u00eda de guerra, que se ha cobrado ya la vida de m\u00e1s de 3.000 personas y ha causado heridas a unas 6.400, seg\u00fan cifras confirmadas por la ONU.<\/p>\n<p>Informes de Israel indican que m\u00e1s de 900 nacionales y extranjeros han muerto y que los heridos superan los 2.600.<\/p>\n<p>Por su parte, el ministerio de Salud palestino ha comunicado la muerte de 830 palestinos y m\u00e1s de 4.250 heridos, a los que se deben sumar aquellos que han perecido en combates en territorio israel\u00ed.<\/p>\n<p>El Ej\u00e9rcito israel\u00ed, de hecho, confirm\u00f3 que ha recuperado alrededor de 1.500 cuerpos de milicianos de Ham\u00e1s en territorio israel\u00ed, lo que da una idea de la cantidad de efectivos que la milicia palestina despleg\u00f3 en su ataque masivo contra Israel.<\/p>\n<p>Se elevar\u00eda a m\u00e1s de 3.000 la cifra de muertos hasta el momento, por tanto.<\/p>\n<p>Un canal de televisi\u00f3n israel\u00ed hab\u00eda informado anoche de que se hab\u00edan encontrado unos 1.500 cad\u00e1veres de supuestos militantes del movimiento islamista palestino en zonas del sur de Israel pr\u00f3ximas a la Franja de Gaza, tras ataques de tropas israel\u00edes contra posiciones de la milicia, como t\u00faneles y lugares de almacenamiento de armas.<\/p>\n<p><strong>Cohetes y artiller\u00eda entre L\u00edbano e Israel<\/strong><\/p>\n<p>Otro frente parece que se abre en esta guerra, por el norte de Israel. Un n\u00famero indeterminado de cohetes fueron lanzados hoy desde las afueras de la ciudad meridional libanesa de Tiro hacia territorio hebreo.<\/p>\n<p>Israel respondi\u00f3 con disparos de artiller\u00eda contra varios puntos del pa\u00eds vecino. Se desconoce la autor\u00eda del lanzamiento de cohetes en este tercer d\u00eda de hostilidades en la zona fronteriza entre ambos pa\u00edses.<\/p>\n<p>\u201cSobre las 17.30 (14.30 GMT), la FINUL detect\u00f3 un lanzamiento de misiles desde el sur de Tiro. Seguimos en contacto con las autoridades a ambos lados de la L\u00ednea Azul para desescalar esta muy peligrosa situaci\u00f3n, urgimos a todos a ejercer contenci\u00f3n en estos momentos cr\u00edticos\u201d, dijo la misi\u00f3n de paz de la ONU en el L\u00edbano en la red social X, antes Twitter.<\/p>\n<p>Israel tambi\u00e9n volvi\u00f3 a atacar hoy con artiller\u00eda al menos dos puntos del sur del L\u00edbano cercanos a la frontera entre ambos pa\u00edses, donde el lunes murieron tres miembros del grupo chi\u00ed liban\u00e9s Hizbul\u00e1.<\/p>\n<p>\u201cEn las primeras horas de la ma\u00f1ana, las fuerzas enemigas israel\u00edes bombardearon con proyectiles de artiller\u00eda las afueras de las localidades de Blida y Meiss al Jabal, y unos cuatro proyectiles cayeron en territorio liban\u00e9s\u201d, inform\u00f3 la Agencia Nacional de Noticias del L\u00edbano (ANN).<\/p>\n<p>&nbsp;<\/p>\n","protected":false},"excerpt":{"rendered":"<p>Jerusal\u00e9n\/Gaza (EFE) .- Israel y las milicias palestinas de Gaza <a href=\"https:\/\/sertv.gob.pa\/nacionalfm\/el-numero-de-muertos-en-la-nueva-guerra-entre-israelies-y-palestinos-supera-ya-los-3-000\/\"> [&#8230;]<\/a><\/p>\n","protected":false},"author":9,"featured_media":91817,"comment_status":"closed","ping_status":"closed","sticky":false,"template":"","format":"standard","meta":{"footnotes":""},"categories":[3],"tags":[],"class_list":["post-91816","post","type-post","status-publish","format-standard","has-post-thumbnail","hentry","category-internacionales"],"_links":{"self":[{"href":"https:\/\/sertv.gob.pa\/nacionalfm\/wp-json\/wp\/v2\/posts\/91816","targetHints":{"allow":["GET"]}}],"collection":[{"href":"https:\/\/sertv.gob.pa\/nacionalfm\/wp-json\/wp\/v2\/posts"}],"about":[{"href":"https:\/\/sertv.gob.pa\/nacionalfm\/wp-json\/wp\/v2\/types\/post"}],"author":[{"embeddable":true,"href":"https:\/\/sertv.gob.pa\/nacionalfm\/wp-json\/wp\/v2\/users\/9"}],"replies":[{"embeddable":true,"href":"https:\/\/sertv.gob.pa\/nacionalfm\/wp-json\/wp\/v2\/comments?post=91816"}],"version-history":[{"count":1,"href":"https:\/\/sertv.gob.pa\/nacionalfm\/wp-json\/wp\/v2\/posts\/91816\/revisions"}],"predecessor-version":[{"id":91818,"href":"https:\/\/sertv.gob.pa\/nacionalfm\/wp-json\/wp\/v2\/posts\/91816\/revisions\/91818"}],"wp:featuredmedia":[{"embeddable":true,"href":"https:\/\/sertv.gob.pa\/nacionalfm\/wp-json\/wp\/v2\/media\/91817"}],"wp:attachment":[{"href":"https:\/\/sertv.gob.pa\/nacionalfm\/wp-json\/wp\/v2\/media?parent=91816"}],"wp:term":[{"taxonomy":"category","embeddable":true,"href":"https:\/\/sertv.gob.pa\/nacionalfm\/wp-json\/wp\/v2\/categories?post=91816"},{"taxonomy":"post_tag","embeddable":true,"href":"https:\/\/sertv.gob.pa\/nacionalfm\/wp-json\/wp\/v2\/tags?post=91816"}],"curies":[{"name":"wp","href":"https:\/\/api.w.org\/{rel}","templated":true}]}}