{"id":91850,"date":"2023-10-11T16:24:08","date_gmt":"2023-10-11T16:24:08","guid":{"rendered":"https:\/\/sertv.gob.pa\/nacionalfm\/?p=91850"},"modified":"2023-10-11T16:24:08","modified_gmt":"2023-10-11T16:24:08","slug":"miles-de-afganos-esperan-noticias-de-cientos-de-supervivientes-bajo-las-ruinas-tras-los-terremotos","status":"publish","type":"post","link":"https:\/\/sertv.gob.pa\/nacionalfm\/miles-de-afganos-esperan-noticias-de-cientos-de-supervivientes-bajo-las-ruinas-tras-los-terremotos\/","title":{"rendered":"Miles de afganos esperan noticias de cientos de supervivientes bajo las ruinas tras los terremotos"},"content":{"rendered":"<p><strong><em>Herat (Afganist\u00e1n) (EFE).-<\/em><\/strong> En el campamento de Ansari en la ciudad de Herat, en el oeste de Afganist\u00e1n, cientos de los supervivientes de los terremotos del pasado s\u00e1bado que mataron a m\u00e1s de 2.400 personas, esperan en los descampados por noticias de su pueblo, donde todav\u00eda un n\u00famero incierto sigue bajo las ruinas.<\/p>\n<p>Unas 124 familias est\u00e1n siendo atendidas en el campo de Ansari, en Herat, a unos kil\u00f3metros de Zindah Jan, la zona cero de uno de los peores se\u00edsmos que ha vivido el pa\u00eds y que se cobr\u00f3 la vida de miles de personas.<\/p>\n<p><strong>Se calculan unos 4.500 muertos en los terremotos<\/strong><\/p>\n<p>El Gobierno de facto de los talibanes calcula que\u00a0<a href=\"https:\/\/efe.com\/mundo\/2023-10-09\/terremoto-oeste-afganistan\/\" target=\"_blank\" rel=\"noopener\"><strong>unos 4.500 murieron o est\u00e1n heridos por el terremoto<\/strong><\/a>.<\/p>\n<p>\u201cEs dif\u00edcil se\u00f1alar el n\u00famero exacto de muertos y heridos\u201d, dijo el portavoz del Ministerio de Gesti\u00f3n de Desastres del Gobierno de los talibanes, el mul\u00e1 Janan Sayeq, sin certeza del total de fallecidos, que hasta el \u00faltimo balance superaban los 2.400.<\/p>\n<p>\u201cA\u00fan hay mucha gente bajo los escombros y nuestra prioridad es sacarlos del polvo\u201d, asegur\u00f3 el portavoz a la prensa sobre un n\u00famero incierto de habitantes que podr\u00edan estar enterrados desde el s\u00e1bado pasado, ya sin vida.<\/p>\n<p>La mayor\u00eda de los asentados que esperan en las tiendas de campa\u00f1a de fino pl\u00e1stico, que cubre la gravilla del suelo, son mujeres y ni\u00f1os que han perdido su techo y su familia, mientras los hombres est\u00e1n en las zonas devastadas escarbando con las manos en busca de m\u00e1s cuerpos.<\/p>\n<p>El suelo ha seguido temblando. Ayer los habitantes sintieron por lo menos otros tres sismos, mientras los que no han perdido sus casas prefieren dormir en descampados.<\/p>\n<p><strong>Hu\u00e9rfanos tras los terremotos<\/strong><\/p>\n<p>\u201cEst\u00e1bamos atrapados bajo el suelo, mis dos hermanos y mi sobrino han muerto\u201d, dijo a EFE Sabira, una ni\u00f1a de 10 a\u00f1os, cuyo padre se encuentra en el vecino Ir\u00e1n, donde emigr\u00f3 en busca de una mejor vida para su familia.<\/p>\n<p>Sentada sobre arena y grava, Aziza, una ni\u00f1a de 11 a\u00f1os, llora la p\u00e9rdida de sus dos hermanos y su hermana. La familia viv\u00eda en Mohammad Rafi, un pueblo del distrito de Zindah Jan, epicentro del se\u00edsmo, que qued\u00f3 completamente destruido tras los temblores del pasado s\u00e1bado.<\/p>\n","protected":false},"excerpt":{"rendered":"<p>Herat (Afganist\u00e1n) (EFE).- En el campamento de Ansari en la <a href=\"https:\/\/sertv.gob.pa\/nacionalfm\/miles-de-afganos-esperan-noticias-de-cientos-de-supervivientes-bajo-las-ruinas-tras-los-terremotos\/\"> [&#8230;]<\/a><\/p>\n","protected":false},"author":9,"featured_media":91851,"comment_status":"closed","ping_status":"closed","sticky":false,"template":"","format":"standard","meta":{"footnotes":""},"categories":[3],"tags":[],"class_list":["post-91850","post","type-post","status-publish","format-standard","has-post-thumbnail","hentry","category-internacionales"],"_links":{"self":[{"href":"https:\/\/sertv.gob.pa\/nacionalfm\/wp-json\/wp\/v2\/posts\/91850","targetHints":{"allow":["GET"]}}],"collection":[{"href":"https:\/\/sertv.gob.pa\/nacionalfm\/wp-json\/wp\/v2\/posts"}],"about":[{"href":"https:\/\/sertv.gob.pa\/nacionalfm\/wp-json\/wp\/v2\/types\/post"}],"author":[{"embeddable":true,"href":"https:\/\/sertv.gob.pa\/nacionalfm\/wp-json\/wp\/v2\/users\/9"}],"replies":[{"embeddable":true,"href":"https:\/\/sertv.gob.pa\/nacionalfm\/wp-json\/wp\/v2\/comments?post=91850"}],"version-history":[{"count":1,"href":"https:\/\/sertv.gob.pa\/nacionalfm\/wp-json\/wp\/v2\/posts\/91850\/revisions"}],"predecessor-version":[{"id":91852,"href":"https:\/\/sertv.gob.pa\/nacionalfm\/wp-json\/wp\/v2\/posts\/91850\/revisions\/91852"}],"wp:featuredmedia":[{"embeddable":true,"href":"https:\/\/sertv.gob.pa\/nacionalfm\/wp-json\/wp\/v2\/media\/91851"}],"wp:attachment":[{"href":"https:\/\/sertv.gob.pa\/nacionalfm\/wp-json\/wp\/v2\/media?parent=91850"}],"wp:term":[{"taxonomy":"category","embeddable":true,"href":"https:\/\/sertv.gob.pa\/nacionalfm\/wp-json\/wp\/v2\/categories?post=91850"},{"taxonomy":"post_tag","embeddable":true,"href":"https:\/\/sertv.gob.pa\/nacionalfm\/wp-json\/wp\/v2\/tags?post=91850"}],"curies":[{"name":"wp","href":"https:\/\/api.w.org\/{rel}","templated":true}]}}