{"id":91854,"date":"2023-10-11T17:22:08","date_gmt":"2023-10-11T17:22:08","guid":{"rendered":"https:\/\/sertv.gob.pa\/nacionalfm\/?p=91854"},"modified":"2023-10-11T17:22:08","modified_gmt":"2023-10-11T17:22:08","slug":"israel-ordena-a-sus-ciudadanos-del-norte-refugiarse-ante-una-infiltracion-aerea-desde-libano","status":"publish","type":"post","link":"https:\/\/sertv.gob.pa\/nacionalfm\/israel-ordena-a-sus-ciudadanos-del-norte-refugiarse-ante-una-infiltracion-aerea-desde-libano\/","title":{"rendered":"Israel ordena a sus ciudadanos del norte refugiarse ante una infiltraci\u00f3n a\u00e9rea desde L\u00edbano"},"content":{"rendered":"<p><strong><em>Jerusal\u00e9n (EFE).-<\/em><\/strong> Israel orden\u00f3 a sus ciudadanos de las zonas del norte refugiarse hasta nuevo aviso ante la sospecha de una infiltraci\u00f3n del espacio a\u00e9reo desde L\u00edbano, en medio de la guerra con las milicias palestinas de la Franja de Gaza.<\/p>\n<p>\u201cTras el informe inicial sobre una sospecha de infiltraci\u00f3n desde el L\u00edbano en el espacio a\u00e9reo israel\u00ed, se pide a todos los civiles en las zonas donde sonaron las sirenas que entren en refugios y permanezcan en ellos hasta nuevo aviso\u201d, indic\u00f3 un portavoz del Ej\u00e9rcito de Israel.<\/p>\n<p>Las sirenas se activaron en la zona de los altos del Gol\u00e1n, en el norte de Israel y fronteriza con L\u00edbano y Siria, y pusieron en alertas a zonas de Israel como Safed o Tiber\u00edas.<\/p>\n<p>Seg\u00fan la prensa local, es una infiltraci\u00f3n aparentemente de drones.<\/p>\n<p>\u201cEsto es lo que tem\u00edamos y para lo que nos est\u00e1bamos preparando\u201d, dijo el jefe del Consejo Regional, Galil Elyon, al Canal 12, al confirmar que no se trata de una falsa alarma.<\/p>\n<p>La tensa frontera de Israel y L\u00edbano, que est\u00e1n t\u00e9cnicamente en guerra, se crisparon a\u00fan m\u00e1s despu\u00e9s de que el movimiento islamista Ham\u00e1s, que gobierna de facto en la Franja, sorprendiera a Israel el s\u00e1bado pasado con un ataque sin precedentes por tierra, mar y aire.<\/p>\n<p>De confirmarse la infiltraci\u00f3n de este mi\u00e9rcoles, ser\u00eda el ataque a mayor escala desde el L\u00edbano desde que se inici\u00f3 la guerra entre Israel y Ham\u00e1s.<\/p>\n<p>&nbsp;<\/p>\n","protected":false},"excerpt":{"rendered":"<p>Jerusal\u00e9n (EFE).- Israel orden\u00f3 a sus ciudadanos de las zonas <a href=\"https:\/\/sertv.gob.pa\/nacionalfm\/israel-ordena-a-sus-ciudadanos-del-norte-refugiarse-ante-una-infiltracion-aerea-desde-libano\/\"> [&#8230;]<\/a><\/p>\n","protected":false},"author":9,"featured_media":91855,"comment_status":"closed","ping_status":"closed","sticky":false,"template":"","format":"standard","meta":{"footnotes":""},"categories":[3],"tags":[],"class_list":["post-91854","post","type-post","status-publish","format-standard","has-post-thumbnail","hentry","category-internacionales"],"_links":{"self":[{"href":"https:\/\/sertv.gob.pa\/nacionalfm\/wp-json\/wp\/v2\/posts\/91854","targetHints":{"allow":["GET"]}}],"collection":[{"href":"https:\/\/sertv.gob.pa\/nacionalfm\/wp-json\/wp\/v2\/posts"}],"about":[{"href":"https:\/\/sertv.gob.pa\/nacionalfm\/wp-json\/wp\/v2\/types\/post"}],"author":[{"embeddable":true,"href":"https:\/\/sertv.gob.pa\/nacionalfm\/wp-json\/wp\/v2\/users\/9"}],"replies":[{"embeddable":true,"href":"https:\/\/sertv.gob.pa\/nacionalfm\/wp-json\/wp\/v2\/comments?post=91854"}],"version-history":[{"count":1,"href":"https:\/\/sertv.gob.pa\/nacionalfm\/wp-json\/wp\/v2\/posts\/91854\/revisions"}],"predecessor-version":[{"id":91856,"href":"https:\/\/sertv.gob.pa\/nacionalfm\/wp-json\/wp\/v2\/posts\/91854\/revisions\/91856"}],"wp:featuredmedia":[{"embeddable":true,"href":"https:\/\/sertv.gob.pa\/nacionalfm\/wp-json\/wp\/v2\/media\/91855"}],"wp:attachment":[{"href":"https:\/\/sertv.gob.pa\/nacionalfm\/wp-json\/wp\/v2\/media?parent=91854"}],"wp:term":[{"taxonomy":"category","embeddable":true,"href":"https:\/\/sertv.gob.pa\/nacionalfm\/wp-json\/wp\/v2\/categories?post=91854"},{"taxonomy":"post_tag","embeddable":true,"href":"https:\/\/sertv.gob.pa\/nacionalfm\/wp-json\/wp\/v2\/tags?post=91854"}],"curies":[{"name":"wp","href":"https:\/\/api.w.org\/{rel}","templated":true}]}}