{"id":91883,"date":"2023-10-12T18:52:16","date_gmt":"2023-10-12T18:52:16","guid":{"rendered":"https:\/\/sertv.gob.pa\/nacionalfm\/?p=91883"},"modified":"2023-10-12T18:52:16","modified_gmt":"2023-10-12T18:52:16","slug":"israel-asegura-que-el-cerco-de-gaza-seguira-hasta-la-liberacion-de-los-rehenes","status":"publish","type":"post","link":"https:\/\/sertv.gob.pa\/nacionalfm\/israel-asegura-que-el-cerco-de-gaza-seguira-hasta-la-liberacion-de-los-rehenes\/","title":{"rendered":"Israel asegura que el cerco de Gaza seguir\u00e1 hasta la liberaci\u00f3n de los rehenes"},"content":{"rendered":"<p><strong><em>Jerusal\u00e9n (EFE).-<\/em><\/strong> El ministro de Energ\u00eda israel\u00ed, Israel Katz, asegur\u00f3 hoy que el r\u00edgido cerco impuesto sobre Gaza tras el ataque por tierra, mar y aire del grupo islamista Ham\u00e1s no se levantar\u00e1 hasta la liberaci\u00f3n de todos los rehenes que fueron secuestrados por las milicias palestinas, que se estiman en m\u00e1s de cien.<\/p>\n<p>\u201cNo se encender\u00e1 ning\u00fan interruptor el\u00e9ctrico, no se abrir\u00e1 ninguna tuber\u00eda de agua y no entrar\u00e1 ning\u00fan cami\u00f3n de combustible\u201d hasta que no haya la liberaci\u00f3n de al menos m\u00e1s de cien cautivos que Ham\u00e1s y Yihad Isl\u00e1mica mantienen dentro del enclave bajo su control.<\/p>\n<p>Israel aplic\u00f3 desde el domingo una estrategia de cierre total la Franja para impedir la entrada de alimentos, agua, ayuda humanitaria o electricidad como medida de presi\u00f3n ante Ham\u00e1s.<\/p>\n<p>Seg\u00fan las milicias palestinas, habr\u00eda al menos unos 130 cautivos en Gaza, y hay estimaciones israel\u00edes que elevan la cifra a unos 200.<\/p>\n<p><strong>Hay 97 rehenes identificados<\/strong><\/p>\n<p>Las autoridades de momento han logrado identificar a 97 rehenes, mientras siguen buscando muertos y desaparecidos y recogen a\u00fan cad\u00e1veres entre escombros de las comunidades israel\u00edes cercanas Gaza que fueron atacadas por las milicias palestinas, en una dura ofensiva que cogi\u00f3 por sorpresa a Israel y que ha sido el peor fracaso militar de su historia.<\/p>\n<p>Ham\u00e1s lanz\u00f3 el s\u00e1bado un ataque por sorpresa por tierra, mar y aire, que pill\u00f3 desprevenido a Israel, que declar\u00f3 la guerra a las milicias de Gaza y desde entonces se suceden enfrentamientos armados en una veintena de puntos en territorio israel\u00ed, y sigue en intercambio de fuego por aire, con cohetes desde la franja y bombardeos israel\u00edes en el enclave.<\/p>\n<p>Esta nueva guerra ha causado m\u00e1s de 1.300 muertos en Israel y m\u00e1s de 3.200 heridos; mientras que los ataques a\u00e9reos de represalia de la aviaci\u00f3n israel\u00ed se han cobrado al menos 1.200 vidas y dejado 5.700 heridos en Gaza.<\/p>\n","protected":false},"excerpt":{"rendered":"<p>Jerusal\u00e9n (EFE).- El ministro de Energ\u00eda israel\u00ed, Israel Katz, asegur\u00f3 <a href=\"https:\/\/sertv.gob.pa\/nacionalfm\/israel-asegura-que-el-cerco-de-gaza-seguira-hasta-la-liberacion-de-los-rehenes\/\"> [&#8230;]<\/a><\/p>\n","protected":false},"author":9,"featured_media":91884,"comment_status":"closed","ping_status":"closed","sticky":false,"template":"","format":"standard","meta":{"footnotes":""},"categories":[3],"tags":[],"class_list":["post-91883","post","type-post","status-publish","format-standard","has-post-thumbnail","hentry","category-internacionales"],"_links":{"self":[{"href":"https:\/\/sertv.gob.pa\/nacionalfm\/wp-json\/wp\/v2\/posts\/91883","targetHints":{"allow":["GET"]}}],"collection":[{"href":"https:\/\/sertv.gob.pa\/nacionalfm\/wp-json\/wp\/v2\/posts"}],"about":[{"href":"https:\/\/sertv.gob.pa\/nacionalfm\/wp-json\/wp\/v2\/types\/post"}],"author":[{"embeddable":true,"href":"https:\/\/sertv.gob.pa\/nacionalfm\/wp-json\/wp\/v2\/users\/9"}],"replies":[{"embeddable":true,"href":"https:\/\/sertv.gob.pa\/nacionalfm\/wp-json\/wp\/v2\/comments?post=91883"}],"version-history":[{"count":1,"href":"https:\/\/sertv.gob.pa\/nacionalfm\/wp-json\/wp\/v2\/posts\/91883\/revisions"}],"predecessor-version":[{"id":91885,"href":"https:\/\/sertv.gob.pa\/nacionalfm\/wp-json\/wp\/v2\/posts\/91883\/revisions\/91885"}],"wp:featuredmedia":[{"embeddable":true,"href":"https:\/\/sertv.gob.pa\/nacionalfm\/wp-json\/wp\/v2\/media\/91884"}],"wp:attachment":[{"href":"https:\/\/sertv.gob.pa\/nacionalfm\/wp-json\/wp\/v2\/media?parent=91883"}],"wp:term":[{"taxonomy":"category","embeddable":true,"href":"https:\/\/sertv.gob.pa\/nacionalfm\/wp-json\/wp\/v2\/categories?post=91883"},{"taxonomy":"post_tag","embeddable":true,"href":"https:\/\/sertv.gob.pa\/nacionalfm\/wp-json\/wp\/v2\/tags?post=91883"}],"curies":[{"name":"wp","href":"https:\/\/api.w.org\/{rel}","templated":true}]}}