{"id":91914,"date":"2023-10-13T16:59:36","date_gmt":"2023-10-13T16:59:36","guid":{"rendered":"https:\/\/sertv.gob.pa\/nacionalfm\/?p=91914"},"modified":"2023-10-13T16:59:36","modified_gmt":"2023-10-13T16:59:36","slug":"israel-informa-a-la-onu-que-el-norte-de-la-franja-de-gaza-debe-evacuar-en-24-horas","status":"publish","type":"post","link":"https:\/\/sertv.gob.pa\/nacionalfm\/israel-informa-a-la-onu-que-el-norte-de-la-franja-de-gaza-debe-evacuar-en-24-horas\/","title":{"rendered":"Israel informa a la ONU que el norte de la franja de Gaza debe evacuar en 24 horas"},"content":{"rendered":"<p><strong><em>Washington, (EFE).-<\/em><\/strong> El Ej\u00e9rcito israel\u00ed inform\u00f3 este jueves a la Organizaci\u00f3n de las Naciones Unidas (ONU) que toda la poblaci\u00f3n que est\u00e1 en la zona norte de la Franja de Gaza debe evacuar el lugar en las pr\u00f3ximas 24 horas, inform\u00f3 un portavoz del secretario general del organismo a EFE.<\/p>\n<p>La ONU considera que una evacuaci\u00f3n de esas proporciones, que implica reubicar a \u201caproximadamente 1,1 millones de personas\u201d, es \u201cimposible\u201d sin que tenga \u201cconsecuencias humanitarias devastadoras\u201d, asegur\u00f3 el portavoz St\u00e9phane Dujarric en una declaraci\u00f3n escrita.<\/p>\n<p>El organismo, agreg\u00f3, hace un \u201cfirme llamamiento\u201d a que esta orden \u201csea rescindida para evitar que una situaci\u00f3n que lo que ya es una tragedia se convierta en una situaci\u00f3n desastrosa\u201d.<\/p>\n<p><strong>La evacuaci\u00f3n<\/strong><\/p>\n<p>La orden de evacuaci\u00f3n por parte del gobierno israel\u00ed, detall\u00f3 Dujaric, tambi\u00e9n aplica para todo el personal de la ONU en la zona, al igual que para las personas que est\u00e1n refugiadas en instalaciones del organismo que incluyen \u201ccolegios, centros de salud y hospitales\u201d.<\/p>\n<p>El Ej\u00e9rcito israel\u00ed hizo llegar esta informaci\u00f3n a la Oficina de la ONU para la Coordinaci\u00f3n de Asuntos Humanitario y el Departamento de Seguridad de Gaza sobre la medianoche del viernes, hora local, de acuerdo con las declaraciones de Dujarric.<\/p>\n<p>El territorio que Israel indic\u00f3 debe evacuar corresponde a toda la zona hacia al norte de Wadi Gaza, lo cual incluye la Ciudad de Gaza, que tiene m\u00e1s de 600 mil habitantes, siendo la m\u00e1s poblada de los territorios palestinos.<\/p>\n<p>Esta nueva guerra en la regi\u00f3n ha causado m\u00e1s de 1.300 muertos en Israel y 3.200 heridos por el ataque a gran escala de Ham\u00e1s, que tuvo lugar el fin de semana.<\/p>\n<p>Los bombardeos que Israel ha llevado a cabo en represalia contra la poblaci\u00f3n en Gaza se han cobrado hasta ahora al menos 1.400 vidas y dejado m\u00e1s de 6.000 heridos en Gaza.<\/p>\n","protected":false},"excerpt":{"rendered":"<p>Washington, (EFE).- El Ej\u00e9rcito israel\u00ed inform\u00f3 este jueves a la <a href=\"https:\/\/sertv.gob.pa\/nacionalfm\/israel-informa-a-la-onu-que-el-norte-de-la-franja-de-gaza-debe-evacuar-en-24-horas\/\"> [&#8230;]<\/a><\/p>\n","protected":false},"author":9,"featured_media":91915,"comment_status":"closed","ping_status":"closed","sticky":false,"template":"","format":"standard","meta":{"footnotes":""},"categories":[3],"tags":[],"class_list":["post-91914","post","type-post","status-publish","format-standard","has-post-thumbnail","hentry","category-internacionales"],"_links":{"self":[{"href":"https:\/\/sertv.gob.pa\/nacionalfm\/wp-json\/wp\/v2\/posts\/91914","targetHints":{"allow":["GET"]}}],"collection":[{"href":"https:\/\/sertv.gob.pa\/nacionalfm\/wp-json\/wp\/v2\/posts"}],"about":[{"href":"https:\/\/sertv.gob.pa\/nacionalfm\/wp-json\/wp\/v2\/types\/post"}],"author":[{"embeddable":true,"href":"https:\/\/sertv.gob.pa\/nacionalfm\/wp-json\/wp\/v2\/users\/9"}],"replies":[{"embeddable":true,"href":"https:\/\/sertv.gob.pa\/nacionalfm\/wp-json\/wp\/v2\/comments?post=91914"}],"version-history":[{"count":1,"href":"https:\/\/sertv.gob.pa\/nacionalfm\/wp-json\/wp\/v2\/posts\/91914\/revisions"}],"predecessor-version":[{"id":91916,"href":"https:\/\/sertv.gob.pa\/nacionalfm\/wp-json\/wp\/v2\/posts\/91914\/revisions\/91916"}],"wp:featuredmedia":[{"embeddable":true,"href":"https:\/\/sertv.gob.pa\/nacionalfm\/wp-json\/wp\/v2\/media\/91915"}],"wp:attachment":[{"href":"https:\/\/sertv.gob.pa\/nacionalfm\/wp-json\/wp\/v2\/media?parent=91914"}],"wp:term":[{"taxonomy":"category","embeddable":true,"href":"https:\/\/sertv.gob.pa\/nacionalfm\/wp-json\/wp\/v2\/categories?post=91914"},{"taxonomy":"post_tag","embeddable":true,"href":"https:\/\/sertv.gob.pa\/nacionalfm\/wp-json\/wp\/v2\/tags?post=91914"}],"curies":[{"name":"wp","href":"https:\/\/api.w.org\/{rel}","templated":true}]}}