{"id":91918,"date":"2023-10-13T17:09:52","date_gmt":"2023-10-13T17:09:52","guid":{"rendered":"https:\/\/sertv.gob.pa\/nacionalfm\/?p=91918"},"modified":"2023-10-13T17:09:52","modified_gmt":"2023-10-13T17:09:52","slug":"francia-refuerza-la-seguridad-de-sus-escuelas-tras-el-asesinato-terrorista-de-un-profesor","status":"publish","type":"post","link":"https:\/\/sertv.gob.pa\/nacionalfm\/francia-refuerza-la-seguridad-de-sus-escuelas-tras-el-asesinato-terrorista-de-un-profesor\/","title":{"rendered":"Francia refuerza la seguridad de sus escuelas tras el asesinato terrorista de un profesor"},"content":{"rendered":"<p><strong><em>\u00a0<\/em><\/strong><strong><em>Par\u00eds (EFE).-<\/em><\/strong> El ministro franc\u00e9s de Educaci\u00f3n, Gabriel Attal, ha dado consignas para el reforzamiento con car\u00e1cter inmediato de la seguridad de los centros escolares tras el asesinato terrorista esta ma\u00f1ana de un profesor en un liceo de Arras por un joven checheno que estaba en el visor de los servicios secretos.<\/p>\n<p>Attal ha pedido, en un mensaje hecho p\u00fablico por su departamento, que se tomen \u201ctodas las medidas\u201d necesarias para \u201creforzar la seguridad de todos los centros\u201d escolares del pa\u00eds despu\u00e9s del atentado, sobre el que ha abierto una investigaci\u00f3n la Fiscal\u00eda Nacional Antiterrorista (PNAT).<\/p>\n<p>Desde el pasado s\u00e1bado, cuanto empez\u00f3\u00a0<a href=\"https:\/\/efe.com\/mundo\/2023-10-13\/guerra-israel-hamas-directo-ultima-hora-2\/\" target=\"_blank\" rel=\"noopener\"><strong>la ofensiva terrorista de Ham\u00e1s en territorio de Israel,<\/strong><\/a>\u00a0Francia hab\u00eda aumentado su dispositivo de seguridad en 500 sinagogas y escuelas jud\u00edas del pa\u00eds.<\/p>\n<p>Est\u00e1 por ver qu\u00e9 significa la generalizaci\u00f3n del dispositivo a todos los centros escolares despu\u00e9s del ataque de un joven de 20 a\u00f1os en el liceo Gambetta de la ciudad de Arras (norte), en el que hab\u00eda sido alumno, donde ha matado con un arma blanca a un profesor de franc\u00e9s y ha herido a otras dos personas.<\/p>\n","protected":false},"excerpt":{"rendered":"<p>\u00a0Par\u00eds (EFE).- El ministro franc\u00e9s de Educaci\u00f3n, Gabriel Attal, ha <a href=\"https:\/\/sertv.gob.pa\/nacionalfm\/francia-refuerza-la-seguridad-de-sus-escuelas-tras-el-asesinato-terrorista-de-un-profesor\/\"> [&#8230;]<\/a><\/p>\n","protected":false},"author":9,"featured_media":91919,"comment_status":"closed","ping_status":"closed","sticky":false,"template":"","format":"standard","meta":{"footnotes":""},"categories":[3],"tags":[],"class_list":["post-91918","post","type-post","status-publish","format-standard","has-post-thumbnail","hentry","category-internacionales"],"_links":{"self":[{"href":"https:\/\/sertv.gob.pa\/nacionalfm\/wp-json\/wp\/v2\/posts\/91918","targetHints":{"allow":["GET"]}}],"collection":[{"href":"https:\/\/sertv.gob.pa\/nacionalfm\/wp-json\/wp\/v2\/posts"}],"about":[{"href":"https:\/\/sertv.gob.pa\/nacionalfm\/wp-json\/wp\/v2\/types\/post"}],"author":[{"embeddable":true,"href":"https:\/\/sertv.gob.pa\/nacionalfm\/wp-json\/wp\/v2\/users\/9"}],"replies":[{"embeddable":true,"href":"https:\/\/sertv.gob.pa\/nacionalfm\/wp-json\/wp\/v2\/comments?post=91918"}],"version-history":[{"count":1,"href":"https:\/\/sertv.gob.pa\/nacionalfm\/wp-json\/wp\/v2\/posts\/91918\/revisions"}],"predecessor-version":[{"id":91920,"href":"https:\/\/sertv.gob.pa\/nacionalfm\/wp-json\/wp\/v2\/posts\/91918\/revisions\/91920"}],"wp:featuredmedia":[{"embeddable":true,"href":"https:\/\/sertv.gob.pa\/nacionalfm\/wp-json\/wp\/v2\/media\/91919"}],"wp:attachment":[{"href":"https:\/\/sertv.gob.pa\/nacionalfm\/wp-json\/wp\/v2\/media?parent=91918"}],"wp:term":[{"taxonomy":"category","embeddable":true,"href":"https:\/\/sertv.gob.pa\/nacionalfm\/wp-json\/wp\/v2\/categories?post=91918"},{"taxonomy":"post_tag","embeddable":true,"href":"https:\/\/sertv.gob.pa\/nacionalfm\/wp-json\/wp\/v2\/tags?post=91918"}],"curies":[{"name":"wp","href":"https:\/\/api.w.org\/{rel}","templated":true}]}}