{"id":91961,"date":"2023-10-17T18:46:55","date_gmt":"2023-10-17T18:46:55","guid":{"rendered":"https:\/\/sertv.gob.pa\/nacionalfm\/?p=91961"},"modified":"2023-10-17T18:46:55","modified_gmt":"2023-10-17T18:46:55","slug":"casi-dos-tercios-de-los-3-000-muertos-en-gaza-son-mujeres-y-ninos-denuncia-hamas","status":"publish","type":"post","link":"https:\/\/sertv.gob.pa\/nacionalfm\/casi-dos-tercios-de-los-3-000-muertos-en-gaza-son-mujeres-y-ninos-denuncia-hamas\/","title":{"rendered":"Casi dos tercios de los 3.000 muertos en Gaza son mujeres y ni\u00f1os, denuncia Ham\u00e1s"},"content":{"rendered":"<p><strong><em>Jerusal\u00e9n, (EFE).-<\/em><\/strong> Casi dos tercios de los 3.000 muertos causados por los bombardeos israel\u00edes sobre Gaza son mujeres y ni\u00f1os, dijo hoy el grupo islamista Ham\u00e1s, en el und\u00e9cimo d\u00eda de guerra entre Israel y las milicias palestinas del enclave palestino.<\/p>\n<p>\u201c940 ni\u00f1os palestinos y 1.032 mujeres han muerto en los mort\u00edferos ataques a\u00e9reos contra la sitiada Gaza\u201d, dijo Ham\u00e1s en un comunicado, mientras los fallecidos siguen aumentando a n\u00fameros sin precedentes, en la que es el conflicto con mayores estragos humanos que sufre Gaza tras otros cuatro guerras con Israel desde 2008.<\/p>\n<p>A su vez, la cifra de heridos en el enclave se elev\u00f3 a m\u00e1s de 12.500, tras una nueva jornada de incesantes bombardeos israel\u00edes y lanzamientos de cohetes por parte de las milicias palestinas que hicieron sonar tambi\u00e9n las alarmas antia\u00e9reas en urbes como Tel Aviv.<\/p>\n<p>Fuentes en Gaza informaron de que hoy se registraron fuertes bombardeos en las ciudades de Jan Yunis y Rafah, en el sur de Gaza, Deir Balah, en el centro y en la ciudad de Gaza, en la parte norte.<\/p>\n<p>Entre los fallecidos, inform\u00f3 un comunicado del grupo islamista Ham\u00e1s -que controla de facto el enclave desde 2007-, est\u00e1 Ayman Noufal, uno de los m\u00e1ximos dirigentes militares del grupo.<\/p>\n<p>En Gaza, hay barrios casi completamente reducidos a ruinas, cientos de miles de desplazados al sur -donde Israel tambi\u00e9n sigue atacando- y los hospitales quedan sin recursos y colapsados por falta de combustible, electricidad, recursos m\u00e9dicos limitados y escasez de medicinas.<\/p>\n<p>&nbsp;<\/p>\n","protected":false},"excerpt":{"rendered":"<p>Jerusal\u00e9n, (EFE).- Casi dos tercios de los 3.000 muertos causados <a href=\"https:\/\/sertv.gob.pa\/nacionalfm\/casi-dos-tercios-de-los-3-000-muertos-en-gaza-son-mujeres-y-ninos-denuncia-hamas\/\"> [&#8230;]<\/a><\/p>\n","protected":false},"author":9,"featured_media":91962,"comment_status":"closed","ping_status":"closed","sticky":false,"template":"","format":"standard","meta":{"footnotes":""},"categories":[3],"tags":[],"class_list":["post-91961","post","type-post","status-publish","format-standard","has-post-thumbnail","hentry","category-internacionales"],"_links":{"self":[{"href":"https:\/\/sertv.gob.pa\/nacionalfm\/wp-json\/wp\/v2\/posts\/91961","targetHints":{"allow":["GET"]}}],"collection":[{"href":"https:\/\/sertv.gob.pa\/nacionalfm\/wp-json\/wp\/v2\/posts"}],"about":[{"href":"https:\/\/sertv.gob.pa\/nacionalfm\/wp-json\/wp\/v2\/types\/post"}],"author":[{"embeddable":true,"href":"https:\/\/sertv.gob.pa\/nacionalfm\/wp-json\/wp\/v2\/users\/9"}],"replies":[{"embeddable":true,"href":"https:\/\/sertv.gob.pa\/nacionalfm\/wp-json\/wp\/v2\/comments?post=91961"}],"version-history":[{"count":1,"href":"https:\/\/sertv.gob.pa\/nacionalfm\/wp-json\/wp\/v2\/posts\/91961\/revisions"}],"predecessor-version":[{"id":91963,"href":"https:\/\/sertv.gob.pa\/nacionalfm\/wp-json\/wp\/v2\/posts\/91961\/revisions\/91963"}],"wp:featuredmedia":[{"embeddable":true,"href":"https:\/\/sertv.gob.pa\/nacionalfm\/wp-json\/wp\/v2\/media\/91962"}],"wp:attachment":[{"href":"https:\/\/sertv.gob.pa\/nacionalfm\/wp-json\/wp\/v2\/media?parent=91961"}],"wp:term":[{"taxonomy":"category","embeddable":true,"href":"https:\/\/sertv.gob.pa\/nacionalfm\/wp-json\/wp\/v2\/categories?post=91961"},{"taxonomy":"post_tag","embeddable":true,"href":"https:\/\/sertv.gob.pa\/nacionalfm\/wp-json\/wp\/v2\/tags?post=91961"}],"curies":[{"name":"wp","href":"https:\/\/api.w.org\/{rel}","templated":true}]}}