{"id":92000,"date":"2023-10-18T18:46:40","date_gmt":"2023-10-18T18:46:40","guid":{"rendered":"https:\/\/sertv.gob.pa\/nacionalfm\/?p=92000"},"modified":"2023-10-18T18:46:40","modified_gmt":"2023-10-18T18:46:40","slug":"la-inteligencia-de-ee-uu-atribuye-a-la-yihad-islamica-el-ataque-al-hospital-de-gaza","status":"publish","type":"post","link":"https:\/\/sertv.gob.pa\/nacionalfm\/la-inteligencia-de-ee-uu-atribuye-a-la-yihad-islamica-el-ataque-al-hospital-de-gaza\/","title":{"rendered":"La inteligencia de EE.UU. atribuye a la Yihad Isl\u00e1mica el ataque al hospital de Gaza"},"content":{"rendered":"<p><strong><em>Washington (EFE).- <\/em><\/strong>La inteligencia de Estados Unidos atribuy\u00f3 este mi\u00e9rcoles el ataque contra un hospital en Gaza, en el que murieron 471 personas, a un cohete lanzado por el grupo palestino Yihad Isl\u00e1mica, en un an\u00e1lisis similar al hecho por el Gobierno israel\u00ed.<\/p>\n<p>Funcionarios estadounidenses afirmaron que, bas\u00e1ndose en diversas pruebas, como im\u00e1genes de sat\u00e9lite y videos, han llegado a una conclusi\u00f3n preliminar de que la explosi\u00f3n fue causada por un cohete lanzado por la Yihad Isl\u00e1mica.<\/p>\n<p>Por separado, la portavoz del Consejo de Seguridad Nacional de la Casa Blanca, Adrienne Watson, subray\u00f3 que la informaci\u00f3n demuestra que Israel \u201cno es responsable\u201d de la explosi\u00f3n en el hospital.<\/p>\n<p>\u201cMientras continuamos recopilando informaci\u00f3n, nuestra evaluaci\u00f3n actual, basada en el an\u00e1lisis de im\u00e1genes a\u00e9reas, vigilancia electr\u00f3nica y fuentes de informaci\u00f3n abiertas, es que Israel no es responsable de la explosi\u00f3n en el hospital de Gaza ayer (martes)\u201d, afirm\u00f3 Watson en un comunicado.<\/p>\n<p><strong>Biden apoya la versi\u00f3n de Israel sobre el hospital de Gaza<\/strong><\/p>\n<p>El presidente de Estados Unidos, Joe Biden,\u00a0<a href=\"https:\/\/efe.com\/mundo\/2023-10-18\/biden-visita-israel\/\" target=\"_blank\" rel=\"noopener\"><strong>de visita en Israel<\/strong><\/a>, tambi\u00e9n ha respaldado las alegaciones del Ejecutivo israe\u00ed de que el estallido del martes en el hospital Al Ahli de la ciudad de Gaza, donde el Ministerio de Sanidad palestino indica que 471 personas fallecieron, fue obra \u201cde la otra parte\u201d.<\/p>\n<p>\u201cCon base en lo que he visto, parece que ha sido la otra parte, pero hay mucha gente por ah\u00ed que no est\u00e1 segura, por lo que tenemos mucho por delante\u201d, indic\u00f3 Biden al inicio de su reuni\u00f3n bilateral con el primer ministro israel\u00ed, Benjam\u00edn Netanyahu, delante de las c\u00e1maras de televisi\u00f3n.<\/p>\n<p>Posteriormente, en respuesta a una pregunta de los periodistas sobre qu\u00e9 le hac\u00eda estar seguro de que Israel no estuvo implicado, el mandatario estadounidense hizo referencia al Pent\u00e1gono. \u201cLos datos que me mostraron de mi Departamento de Defensa\u201d, dijo sin aportar m\u00e1s detalles.<\/p>\n<p>Los grupos palestinos han atribuido la explosi\u00f3n en el hospital a un bombardeo israel\u00ed, lo que Israel niega.<\/p>\n<p>De hecho, su Ej\u00e9rcito remarc\u00f3 este mi\u00e9rcoles que no hubo una masacre, que el edificio no est\u00e1 destruido, que no ha sufrido da\u00f1os graves y que \u00fanicamente hubo una explosi\u00f3n de menor envergadura en el aparcamiento adyacente causada por un cohete fallido del grupo palestino Yihad Isl\u00e1mica.<\/p>\n","protected":false},"excerpt":{"rendered":"<p>Washington (EFE).- La inteligencia de Estados Unidos atribuy\u00f3 este mi\u00e9rcoles <a href=\"https:\/\/sertv.gob.pa\/nacionalfm\/la-inteligencia-de-ee-uu-atribuye-a-la-yihad-islamica-el-ataque-al-hospital-de-gaza\/\"> [&#8230;]<\/a><\/p>\n","protected":false},"author":9,"featured_media":92001,"comment_status":"closed","ping_status":"closed","sticky":false,"template":"","format":"standard","meta":{"footnotes":""},"categories":[3],"tags":[],"class_list":["post-92000","post","type-post","status-publish","format-standard","has-post-thumbnail","hentry","category-internacionales"],"_links":{"self":[{"href":"https:\/\/sertv.gob.pa\/nacionalfm\/wp-json\/wp\/v2\/posts\/92000","targetHints":{"allow":["GET"]}}],"collection":[{"href":"https:\/\/sertv.gob.pa\/nacionalfm\/wp-json\/wp\/v2\/posts"}],"about":[{"href":"https:\/\/sertv.gob.pa\/nacionalfm\/wp-json\/wp\/v2\/types\/post"}],"author":[{"embeddable":true,"href":"https:\/\/sertv.gob.pa\/nacionalfm\/wp-json\/wp\/v2\/users\/9"}],"replies":[{"embeddable":true,"href":"https:\/\/sertv.gob.pa\/nacionalfm\/wp-json\/wp\/v2\/comments?post=92000"}],"version-history":[{"count":1,"href":"https:\/\/sertv.gob.pa\/nacionalfm\/wp-json\/wp\/v2\/posts\/92000\/revisions"}],"predecessor-version":[{"id":92002,"href":"https:\/\/sertv.gob.pa\/nacionalfm\/wp-json\/wp\/v2\/posts\/92000\/revisions\/92002"}],"wp:featuredmedia":[{"embeddable":true,"href":"https:\/\/sertv.gob.pa\/nacionalfm\/wp-json\/wp\/v2\/media\/92001"}],"wp:attachment":[{"href":"https:\/\/sertv.gob.pa\/nacionalfm\/wp-json\/wp\/v2\/media?parent=92000"}],"wp:term":[{"taxonomy":"category","embeddable":true,"href":"https:\/\/sertv.gob.pa\/nacionalfm\/wp-json\/wp\/v2\/categories?post=92000"},{"taxonomy":"post_tag","embeddable":true,"href":"https:\/\/sertv.gob.pa\/nacionalfm\/wp-json\/wp\/v2\/tags?post=92000"}],"curies":[{"name":"wp","href":"https:\/\/api.w.org\/{rel}","templated":true}]}}