{"id":92042,"date":"2023-10-19T18:02:47","date_gmt":"2023-10-19T18:02:47","guid":{"rendered":"https:\/\/sertv.gob.pa\/nacionalfm\/?p=92042"},"modified":"2023-10-19T18:02:47","modified_gmt":"2023-10-19T18:02:47","slug":"israel-ataca-con-un-dron-un-escuadron-terrorista-palestino-en-cisjordania-ocupada","status":"publish","type":"post","link":"https:\/\/sertv.gob.pa\/nacionalfm\/israel-ataca-con-un-dron-un-escuadron-terrorista-palestino-en-cisjordania-ocupada\/","title":{"rendered":"Israel ataca con un dron un \u201cescuadr\u00f3n terrorista\u201d palestino en Cisjordania ocupada"},"content":{"rendered":"<p><strong><em>\u00a0<\/em><\/strong><strong><em>Jerusal\u00e9n (EFE).-<\/em><\/strong> Israel atac\u00f3 este jueves con un dron \u201cun escuadr\u00f3n terrorista\u201d palestino en el campo de refugiados de Nur Shams, en el noroeste de Cisjordania ocupada, lo que se sald\u00f3 con seis personas muertas como parte de una operaci\u00f3n militar de varias horas.<\/p>\n<p>Un aparato a\u00e9reo no tripulado del Ej\u00e9rcito israel\u00ed \u201catac\u00f3 un escuadr\u00f3n terrorista armado en el campamento de Nur Shams\u201d en el marco de una redada que tambi\u00e9n se sald\u00f3 con al menos diez detenidos y choques armados, dijo un portavoz militar en un comunicado.<\/p>\n<p>Seg\u00fan el Ej\u00e9rcito, las fuerzas de seguridad \u201cllevaron a cabo actividades antiterroristas\u201d en el campo, donde tambi\u00e9n destruyeron \u201cinfraestructura terrorista\u201d, confiscaron armas y \u201cneutralizaron varios artefactos explosivos listos para su uso\u201d.<\/p>\n<p>Agreg\u00f3 que \u201cse produjeron intercambios de disparos con hombres armados\u201d, y en medio de los altercados, atacaron con un dron a un grupo de hombres armados \u201cque representaba una amenaza para los soldados de la zona.<\/p>\n<p>Seg\u00fan la agencia de noticias palestina Wafa, seis j\u00f3venes murieron en el ataque, despu\u00e9s de que horas antes muriera tambi\u00e9n un menor palestino en la misma operaci\u00f3n.<\/p>\n<p>&nbsp;<\/p>\n","protected":false},"excerpt":{"rendered":"<p>\u00a0Jerusal\u00e9n (EFE).- Israel atac\u00f3 este jueves con un dron \u201cun <a href=\"https:\/\/sertv.gob.pa\/nacionalfm\/israel-ataca-con-un-dron-un-escuadron-terrorista-palestino-en-cisjordania-ocupada\/\"> [&#8230;]<\/a><\/p>\n","protected":false},"author":9,"featured_media":92043,"comment_status":"closed","ping_status":"closed","sticky":false,"template":"","format":"standard","meta":{"footnotes":""},"categories":[3],"tags":[],"class_list":["post-92042","post","type-post","status-publish","format-standard","has-post-thumbnail","hentry","category-internacionales"],"_links":{"self":[{"href":"https:\/\/sertv.gob.pa\/nacionalfm\/wp-json\/wp\/v2\/posts\/92042","targetHints":{"allow":["GET"]}}],"collection":[{"href":"https:\/\/sertv.gob.pa\/nacionalfm\/wp-json\/wp\/v2\/posts"}],"about":[{"href":"https:\/\/sertv.gob.pa\/nacionalfm\/wp-json\/wp\/v2\/types\/post"}],"author":[{"embeddable":true,"href":"https:\/\/sertv.gob.pa\/nacionalfm\/wp-json\/wp\/v2\/users\/9"}],"replies":[{"embeddable":true,"href":"https:\/\/sertv.gob.pa\/nacionalfm\/wp-json\/wp\/v2\/comments?post=92042"}],"version-history":[{"count":1,"href":"https:\/\/sertv.gob.pa\/nacionalfm\/wp-json\/wp\/v2\/posts\/92042\/revisions"}],"predecessor-version":[{"id":92044,"href":"https:\/\/sertv.gob.pa\/nacionalfm\/wp-json\/wp\/v2\/posts\/92042\/revisions\/92044"}],"wp:featuredmedia":[{"embeddable":true,"href":"https:\/\/sertv.gob.pa\/nacionalfm\/wp-json\/wp\/v2\/media\/92043"}],"wp:attachment":[{"href":"https:\/\/sertv.gob.pa\/nacionalfm\/wp-json\/wp\/v2\/media?parent=92042"}],"wp:term":[{"taxonomy":"category","embeddable":true,"href":"https:\/\/sertv.gob.pa\/nacionalfm\/wp-json\/wp\/v2\/categories?post=92042"},{"taxonomy":"post_tag","embeddable":true,"href":"https:\/\/sertv.gob.pa\/nacionalfm\/wp-json\/wp\/v2\/tags?post=92042"}],"curies":[{"name":"wp","href":"https:\/\/api.w.org\/{rel}","templated":true}]}}