{"id":92066,"date":"2023-10-20T17:45:43","date_gmt":"2023-10-20T17:45:43","guid":{"rendered":"https:\/\/sertv.gob.pa\/nacionalfm\/?p=92066"},"modified":"2023-10-20T17:45:43","modified_gmt":"2023-10-20T17:45:43","slug":"hamas-anuncia-la-liberacion-de-dos-rehenes-estadounidenses-tras-la-mediacion-de-catar","status":"publish","type":"post","link":"https:\/\/sertv.gob.pa\/nacionalfm\/hamas-anuncia-la-liberacion-de-dos-rehenes-estadounidenses-tras-la-mediacion-de-catar\/","title":{"rendered":"Ham\u00e1s anuncia la liberaci\u00f3n de dos rehenes estadounidenses tras la mediaci\u00f3n de Catar"},"content":{"rendered":"<p><strong><em>Jerusal\u00e9n (EFE).-<\/em><\/strong> El portavoz de las Brigadas Al Qasam, Abu Obeida, anunci\u00f3 este viernes la liberaci\u00f3n de dos rehenes estadounidenses por \u201crazones humanitarias\u201d, tras la mediaci\u00f3n de Catar.<\/p>\n<p>Abu Obeida, cuyo grupo es el brazo armado de Ham\u00e1s, dijo en su cuenta de Telegram que ambas secuestradas son madre e hija.<\/p>\n","protected":false},"excerpt":{"rendered":"<p>Jerusal\u00e9n (EFE).- El portavoz de las Brigadas Al Qasam, Abu <a href=\"https:\/\/sertv.gob.pa\/nacionalfm\/hamas-anuncia-la-liberacion-de-dos-rehenes-estadounidenses-tras-la-mediacion-de-catar\/\"> [&#8230;]<\/a><\/p>\n","protected":false},"author":9,"featured_media":92067,"comment_status":"closed","ping_status":"closed","sticky":false,"template":"","format":"standard","meta":{"footnotes":""},"categories":[3],"tags":[],"class_list":["post-92066","post","type-post","status-publish","format-standard","has-post-thumbnail","hentry","category-internacionales"],"_links":{"self":[{"href":"https:\/\/sertv.gob.pa\/nacionalfm\/wp-json\/wp\/v2\/posts\/92066","targetHints":{"allow":["GET"]}}],"collection":[{"href":"https:\/\/sertv.gob.pa\/nacionalfm\/wp-json\/wp\/v2\/posts"}],"about":[{"href":"https:\/\/sertv.gob.pa\/nacionalfm\/wp-json\/wp\/v2\/types\/post"}],"author":[{"embeddable":true,"href":"https:\/\/sertv.gob.pa\/nacionalfm\/wp-json\/wp\/v2\/users\/9"}],"replies":[{"embeddable":true,"href":"https:\/\/sertv.gob.pa\/nacionalfm\/wp-json\/wp\/v2\/comments?post=92066"}],"version-history":[{"count":1,"href":"https:\/\/sertv.gob.pa\/nacionalfm\/wp-json\/wp\/v2\/posts\/92066\/revisions"}],"predecessor-version":[{"id":92068,"href":"https:\/\/sertv.gob.pa\/nacionalfm\/wp-json\/wp\/v2\/posts\/92066\/revisions\/92068"}],"wp:featuredmedia":[{"embeddable":true,"href":"https:\/\/sertv.gob.pa\/nacionalfm\/wp-json\/wp\/v2\/media\/92067"}],"wp:attachment":[{"href":"https:\/\/sertv.gob.pa\/nacionalfm\/wp-json\/wp\/v2\/media?parent=92066"}],"wp:term":[{"taxonomy":"category","embeddable":true,"href":"https:\/\/sertv.gob.pa\/nacionalfm\/wp-json\/wp\/v2\/categories?post=92066"},{"taxonomy":"post_tag","embeddable":true,"href":"https:\/\/sertv.gob.pa\/nacionalfm\/wp-json\/wp\/v2\/tags?post=92066"}],"curies":[{"name":"wp","href":"https:\/\/api.w.org\/{rel}","templated":true}]}}