{"id":92101,"date":"2023-10-23T18:17:41","date_gmt":"2023-10-23T18:17:41","guid":{"rendered":"https:\/\/sertv.gob.pa\/nacionalfm\/?p=92101"},"modified":"2023-10-23T18:17:41","modified_gmt":"2023-10-23T18:17:41","slug":"elecciones-argentina-massa-gana-y-se-medira-con-milei-en-la-segunda-vuelta","status":"publish","type":"post","link":"https:\/\/sertv.gob.pa\/nacionalfm\/elecciones-argentina-massa-gana-y-se-medira-con-milei-en-la-segunda-vuelta\/","title":{"rendered":"Elecciones Argentina: Massa gana y se medir\u00e1 con Milei en la segunda vuelta"},"content":{"rendered":"<p><strong><em>\u00a0<\/em><\/strong><strong><em>Buenos Aires, (EFE).-<\/em><\/strong> El peronismo, la fuerza argentina que permea la vida pol\u00edtica del pa\u00eds y que es dif\u00edcil de entender fuera de sus fronteras, exhibi\u00f3 su m\u00fasculo en las elecciones generales celebradas este domingo, en las que su candidato, Sergio Massa, no s\u00f3lo pas\u00f3 a la segunda vuelta frente al libertario Javier Milei, sino que adem\u00e1s fue el m\u00e1s votado.<\/p>\n<p><a href=\"https:\/\/efe.com\/mundo\/2023-06-24\/sergio-massa-candidato-unico-del-oficialismo-para-las-elecciones-en-argentina\/\" target=\"_blank\" rel=\"noopener\">El actual ministro de Econom\u00eda, responsable por su cargo en el Gobierno del peronista Alberto Fern\u00e1ndez\u00a0<\/a>de la grave situaci\u00f3n socioecon\u00f3mica por la que atraviesa el pa\u00eds, con una inflaci\u00f3n interanual que trep\u00f3 en septiembre al 138,3 %, un nivel de pobreza del 40,1 % y una brecha cambiaria superior al 200 %, no se resinti\u00f3 en absoluto por estos datos.<\/p>\n<p>Con el 98,51 % de mesas escrutadas, el candidato de la coalici\u00f3n oficialista Uni\u00f3n por la Patria (peronismo), aument\u00f3 su ventaja en 6,7 puntos sobre el aspirante de La Libertad Avanza (ultraderecha), Javier Milei, con quien competir\u00e1 en segunda vuelta por la Presidencia argentina el 19 de noviembre.<\/p>\n<p>Massa ha obtenido el 36,68 % de los votos frente al 29,98 % de Milei.<\/p>\n<p>M\u00e1s de 9,6 millones de votantes respaldaron al candidato oficialista, pese al dif\u00edcil contexto socioecon\u00f3mico que atraviesa el pa\u00eds.<\/p>\n","protected":false},"excerpt":{"rendered":"<p>\u00a0Buenos Aires, (EFE).- El peronismo, la fuerza argentina que permea <a href=\"https:\/\/sertv.gob.pa\/nacionalfm\/elecciones-argentina-massa-gana-y-se-medira-con-milei-en-la-segunda-vuelta\/\"> [&#8230;]<\/a><\/p>\n","protected":false},"author":9,"featured_media":92102,"comment_status":"closed","ping_status":"closed","sticky":false,"template":"","format":"standard","meta":{"footnotes":""},"categories":[3],"tags":[],"class_list":["post-92101","post","type-post","status-publish","format-standard","has-post-thumbnail","hentry","category-internacionales"],"_links":{"self":[{"href":"https:\/\/sertv.gob.pa\/nacionalfm\/wp-json\/wp\/v2\/posts\/92101","targetHints":{"allow":["GET"]}}],"collection":[{"href":"https:\/\/sertv.gob.pa\/nacionalfm\/wp-json\/wp\/v2\/posts"}],"about":[{"href":"https:\/\/sertv.gob.pa\/nacionalfm\/wp-json\/wp\/v2\/types\/post"}],"author":[{"embeddable":true,"href":"https:\/\/sertv.gob.pa\/nacionalfm\/wp-json\/wp\/v2\/users\/9"}],"replies":[{"embeddable":true,"href":"https:\/\/sertv.gob.pa\/nacionalfm\/wp-json\/wp\/v2\/comments?post=92101"}],"version-history":[{"count":1,"href":"https:\/\/sertv.gob.pa\/nacionalfm\/wp-json\/wp\/v2\/posts\/92101\/revisions"}],"predecessor-version":[{"id":92103,"href":"https:\/\/sertv.gob.pa\/nacionalfm\/wp-json\/wp\/v2\/posts\/92101\/revisions\/92103"}],"wp:featuredmedia":[{"embeddable":true,"href":"https:\/\/sertv.gob.pa\/nacionalfm\/wp-json\/wp\/v2\/media\/92102"}],"wp:attachment":[{"href":"https:\/\/sertv.gob.pa\/nacionalfm\/wp-json\/wp\/v2\/media?parent=92101"}],"wp:term":[{"taxonomy":"category","embeddable":true,"href":"https:\/\/sertv.gob.pa\/nacionalfm\/wp-json\/wp\/v2\/categories?post=92101"},{"taxonomy":"post_tag","embeddable":true,"href":"https:\/\/sertv.gob.pa\/nacionalfm\/wp-json\/wp\/v2\/tags?post=92101"}],"curies":[{"name":"wp","href":"https:\/\/api.w.org\/{rel}","templated":true}]}}