{"id":92119,"date":"2023-10-24T17:31:55","date_gmt":"2023-10-24T17:31:55","guid":{"rendered":"https:\/\/sertv.gob.pa\/nacionalfm\/?p=92119"},"modified":"2023-10-24T17:31:55","modified_gmt":"2023-10-24T17:31:55","slug":"el-ejercito-israeli-asegura-que-la-invasion-de-gaza-se-esta-retrasando-por-cuestiones-estrategicas","status":"publish","type":"post","link":"https:\/\/sertv.gob.pa\/nacionalfm\/el-ejercito-israeli-asegura-que-la-invasion-de-gaza-se-esta-retrasando-por-cuestiones-estrategicas\/","title":{"rendered":"El Ej\u00e9rcito israel\u00ed asegura que la invasi\u00f3n de Gaza se est\u00e1 retrasando por cuestiones \u201cestrat\u00e9gicas\u201d"},"content":{"rendered":"<p><strong><em>\u00a0<\/em><\/strong><strong><em>Jerusal\u00e9n, (EFE).-<\/em><\/strong> El jefe del Estado Mayor del Ej\u00e9rcito de Israel, teniente general Herzi Halevi, asegur\u00f3 hoy que la ofensiva terrestre sobre la Franja Gaza se est\u00e1 retrasando por \u201cconsideraciones estrat\u00e9gicas\u201d, en el decimoctavo d\u00eda de guerra contra el movimiento islamista Ham\u00e1s.<\/p>\n<p>Seg\u00fan dijo en rueda de prensa, el grupo palestino \u201clamenta\u201d haber lanzado el ataque sorpresa contra Israel del 7 de octubre, que se sald\u00f3 con la muerte de m\u00e1s de 1.400 personas y la toma de 222 rehenes, y dio lugar al comienzo del actual conflicto.<\/p>\n<p>Tambi\u00e9n siguen los bombardeos israel\u00edes sobre Gaza, que mataron ya a casi 5.800 palestinos, el 40 % ni\u00f1os, 22 % mujeres y un 5 % ancianos, seg\u00fan el Ministerio de Sanidad de Gaza.<\/p>\n<p>A su vez, las milicias palestinas de la Franja contin\u00faan lanzando proyectiles a territorio israel\u00ed, y este martes volvieron a sonar las alarmas antia\u00e9reas en el centro del pa\u00eds y la ciudad de Tel Aviv.<\/p>\n<p>Tras haber llamado a filas a unos 360.000 reservistas y tener a multitud de tropas movilizadas en torno a Gaza, una de las inc\u00f3gnitas de estas \u00faltimas semanas es cu\u00e1ndo se producir\u00e1 la invasi\u00f3n terrestre, algo que casi todo el mundo da por hecho, pero que en un principio parec\u00eda inminente y ahora se retrasa mientras Israel calcula todas las implicaciones que esto supondr\u00eda.<\/p>\n","protected":false},"excerpt":{"rendered":"<p>\u00a0Jerusal\u00e9n, (EFE).- El jefe del Estado Mayor del Ej\u00e9rcito de <a href=\"https:\/\/sertv.gob.pa\/nacionalfm\/el-ejercito-israeli-asegura-que-la-invasion-de-gaza-se-esta-retrasando-por-cuestiones-estrategicas\/\"> [&#8230;]<\/a><\/p>\n","protected":false},"author":9,"featured_media":92120,"comment_status":"closed","ping_status":"closed","sticky":false,"template":"","format":"standard","meta":{"footnotes":""},"categories":[3],"tags":[],"class_list":["post-92119","post","type-post","status-publish","format-standard","has-post-thumbnail","hentry","category-internacionales"],"_links":{"self":[{"href":"https:\/\/sertv.gob.pa\/nacionalfm\/wp-json\/wp\/v2\/posts\/92119","targetHints":{"allow":["GET"]}}],"collection":[{"href":"https:\/\/sertv.gob.pa\/nacionalfm\/wp-json\/wp\/v2\/posts"}],"about":[{"href":"https:\/\/sertv.gob.pa\/nacionalfm\/wp-json\/wp\/v2\/types\/post"}],"author":[{"embeddable":true,"href":"https:\/\/sertv.gob.pa\/nacionalfm\/wp-json\/wp\/v2\/users\/9"}],"replies":[{"embeddable":true,"href":"https:\/\/sertv.gob.pa\/nacionalfm\/wp-json\/wp\/v2\/comments?post=92119"}],"version-history":[{"count":1,"href":"https:\/\/sertv.gob.pa\/nacionalfm\/wp-json\/wp\/v2\/posts\/92119\/revisions"}],"predecessor-version":[{"id":92121,"href":"https:\/\/sertv.gob.pa\/nacionalfm\/wp-json\/wp\/v2\/posts\/92119\/revisions\/92121"}],"wp:featuredmedia":[{"embeddable":true,"href":"https:\/\/sertv.gob.pa\/nacionalfm\/wp-json\/wp\/v2\/media\/92120"}],"wp:attachment":[{"href":"https:\/\/sertv.gob.pa\/nacionalfm\/wp-json\/wp\/v2\/media?parent=92119"}],"wp:term":[{"taxonomy":"category","embeddable":true,"href":"https:\/\/sertv.gob.pa\/nacionalfm\/wp-json\/wp\/v2\/categories?post=92119"},{"taxonomy":"post_tag","embeddable":true,"href":"https:\/\/sertv.gob.pa\/nacionalfm\/wp-json\/wp\/v2\/tags?post=92119"}],"curies":[{"name":"wp","href":"https:\/\/api.w.org\/{rel}","templated":true}]}}