{"id":92262,"date":"2023-11-01T15:52:27","date_gmt":"2023-11-01T15:52:27","guid":{"rendered":"https:\/\/sertv.gob.pa\/nacionalfm\/?p=92262"},"modified":"2023-11-01T15:52:27","modified_gmt":"2023-11-01T15:52:27","slug":"varias-tandas-de-palestinos-con-pasaporte-extranjero-salen-de-gaza-a-egipto","status":"publish","type":"post","link":"https:\/\/sertv.gob.pa\/nacionalfm\/varias-tandas-de-palestinos-con-pasaporte-extranjero-salen-de-gaza-a-egipto\/","title":{"rendered":"Varias tandas de palestinos con pasaporte extranjero salen de Gaza a Egipto"},"content":{"rendered":"<p><strong><em>Rafah (Gaza) (EFE).-<\/em><\/strong> Varias tandas de palestinos con pasaporte extranjero salieron este mi\u00e9rcoles de la Franja de Gaza a Egipto por el paso fronterizo de Rafah, y se espera que su n\u00famero llegue a 400 al final del d\u00eda.<\/p>\n<p>EFE pudo comprobar la salida de Gaza, controlada por el grupo islamista Ham\u00e1s, de varios grupos de palestinos por el cruce y de 81 ambulancias con 81 heridos a bordo.<\/p>\n<p>Los palestinos con pasaporte estadounidense han recibido un correo electr\u00f3nico de la Embajada de su pa\u00eds en el que se indica que entre las pr\u00f3ximas 24 y 72 horas ser\u00edan evacuados de Gaza a Egipto.<\/p>\n<p>La Embajada brit\u00e1nica tambi\u00e9n se ha puesto en contacto con los palestinos en la Franja con nacionalidad del Reino Unido para comunicarles que ser\u00edan sacados del enclave entre las pr\u00f3ximas 27 y 36 horas.<\/p>\n<p>&nbsp;<\/p>\n<p>&nbsp;<\/p>\n","protected":false},"excerpt":{"rendered":"<p>Rafah (Gaza) (EFE).- Varias tandas de palestinos con pasaporte extranjero <a href=\"https:\/\/sertv.gob.pa\/nacionalfm\/varias-tandas-de-palestinos-con-pasaporte-extranjero-salen-de-gaza-a-egipto\/\"> [&#8230;]<\/a><\/p>\n","protected":false},"author":9,"featured_media":92263,"comment_status":"closed","ping_status":"closed","sticky":false,"template":"","format":"standard","meta":{"footnotes":""},"categories":[3],"tags":[],"class_list":["post-92262","post","type-post","status-publish","format-standard","has-post-thumbnail","hentry","category-internacionales"],"_links":{"self":[{"href":"https:\/\/sertv.gob.pa\/nacionalfm\/wp-json\/wp\/v2\/posts\/92262","targetHints":{"allow":["GET"]}}],"collection":[{"href":"https:\/\/sertv.gob.pa\/nacionalfm\/wp-json\/wp\/v2\/posts"}],"about":[{"href":"https:\/\/sertv.gob.pa\/nacionalfm\/wp-json\/wp\/v2\/types\/post"}],"author":[{"embeddable":true,"href":"https:\/\/sertv.gob.pa\/nacionalfm\/wp-json\/wp\/v2\/users\/9"}],"replies":[{"embeddable":true,"href":"https:\/\/sertv.gob.pa\/nacionalfm\/wp-json\/wp\/v2\/comments?post=92262"}],"version-history":[{"count":1,"href":"https:\/\/sertv.gob.pa\/nacionalfm\/wp-json\/wp\/v2\/posts\/92262\/revisions"}],"predecessor-version":[{"id":92264,"href":"https:\/\/sertv.gob.pa\/nacionalfm\/wp-json\/wp\/v2\/posts\/92262\/revisions\/92264"}],"wp:featuredmedia":[{"embeddable":true,"href":"https:\/\/sertv.gob.pa\/nacionalfm\/wp-json\/wp\/v2\/media\/92263"}],"wp:attachment":[{"href":"https:\/\/sertv.gob.pa\/nacionalfm\/wp-json\/wp\/v2\/media?parent=92262"}],"wp:term":[{"taxonomy":"category","embeddable":true,"href":"https:\/\/sertv.gob.pa\/nacionalfm\/wp-json\/wp\/v2\/categories?post=92262"},{"taxonomy":"post_tag","embeddable":true,"href":"https:\/\/sertv.gob.pa\/nacionalfm\/wp-json\/wp\/v2\/tags?post=92262"}],"curies":[{"name":"wp","href":"https:\/\/api.w.org\/{rel}","templated":true}]}}