{"id":92427,"date":"2023-11-14T12:05:54","date_gmt":"2023-11-14T17:05:54","guid":{"rendered":"https:\/\/sertv.gob.pa\/nacionalfm\/?p=92427"},"modified":"2023-11-14T12:05:54","modified_gmt":"2023-11-14T17:05:54","slug":"el-ejercito-de-israel-anuncia-la-toma-de-la-sede-del-gobierno-de-hamas-en-gaza","status":"publish","type":"post","link":"https:\/\/sertv.gob.pa\/nacionalfm\/el-ejercito-de-israel-anuncia-la-toma-de-la-sede-del-gobierno-de-hamas-en-gaza\/","title":{"rendered":"El Ej\u00e9rcito de Israel anuncia la toma de la sede del Gobierno de Ham\u00e1s en Gaza"},"content":{"rendered":"<p><strong><em>Jerusal\u00e9n (EFE).-<\/em><\/strong> El Ej\u00e9rcito israel\u00ed inform\u00f3 este martes de que sus tropas capturaron m\u00faltiples edificios militares y gubernamentales del grupo islamista Ham\u00e1s en la Franja de Gaza, incluyendo \u201cla sede de la asamblea legislativa y del Gobierno de Ham\u00e1s\u201d.<\/p>\n<p>\u201cLas fuerzas de combate combinadas de la S\u00e9ptima Brigada controlaron la sede de la asamblea legislativa y del gobierno de Ham\u00e1s, el cuartel general de la Polic\u00eda de Ham\u00e1s y una facultad de ingenier\u00eda utilizada para la producci\u00f3n y el desarrollo de armas\u201d, inform\u00f3 la portavoc\u00eda militar, que detall\u00f3 que estos edificios fueron capturados \u201cen los \u00faltimos d\u00edas\u201d.<\/p>\n<p><strong><em>S\u00f3lo un hospital operativo<\/em><\/strong><\/p>\n<p>Por otro lado, todos los hospitales del norte de la Franja de Gaza, donde se encuentra la mayor parte de la infraestructura sanitaria de este enclave, han dejado de funcionar, con la \u00fanica excepci\u00f3n del hospital Al Ahli, que atiende a 500 pacientes.<\/p>\n<p>As\u00ed consta en el reporte diario sobre la situaci\u00f3n de los civiles afectados por la guerra de la Oficina de Coordinaci\u00f3n de Ayuda Humanitaria de la ONU, que denuncia que \u201ctodos los hospitales en la ciudad de Gaza (norte) y en el norte de Gaza est\u00e1n fuera de servicio debido a la falta de electricidad, de suministros m\u00e9dicos, de ox\u00edgeno, alimentos y agua, y por los bombardeos y enfrentamientos en los alrededores\u201d.<\/p>\n<p>Seg\u00fan Naciones Unidas, en los dos \u00faltimos d\u00edas, 32 pacientes y tres beb\u00e9s prematuros han muerto en el hospital Al Shifa, el principal centro sanitario de Gaza, como consecuencia del corte de electricidad y las condiciones extremadamente precarias.<\/p>\n<p>En medio del desastre, el hospital comenz\u00f3 a enterrar hoy a unos 170 cad\u00e1veres en una fosa com\u00fan cavada en el mismo recinto m\u00e9dico.<\/p>\n<p>Mientras, el Ministerio de Sanidad de Gaza ha denunciado que el cerco israel\u00ed sobre el centro ha hecho que se perdiera casi toda comunicaci\u00f3n con los que siguen en su interior.<\/p>\n<p>Las \u00faltimas informaciones que se han recibido de ese hospital indican que hasta ayer quedaban hospitalizados entre 600 y 650 pacientes, junto a unos 250 miembros del personal y 1.500 desplazados internos.<\/p>\n<p>Adem\u00e1s, 36\u00a0beb\u00e9s en incubadoras y enfermos de di\u00e1lisis estaban en riesgo inminente de morir.<\/p>\n<p>Israel ha asegurado hoy que est\u00e1n haciendo un \u201cesfuerzo humanitario\u201d para coordinar la transferencia de las incubadoras -ya fuera de servicio- del Shifa a un hospital de Israel, aunque m\u00e9dicos de ese centro denuncian que la presencia de francotiradores y tanques israel\u00edes a las puertas del hospital, hacen imposible salir.<\/p>\n<p>Por su parte, el mando castrense ha filtrado como prueba una supuesta llamada telef\u00f3nica entre un alto funcionario de la Administraci\u00f3n de Coordinaci\u00f3n y Enlace de Gaza, un \u00f3rgano militar israel\u00ed, y el director del hospital Al Shifa, sobre la oferta para el traslado de las incubadoras.<\/p>\n<p>El Ej\u00e9rcito israel\u00ed orden\u00f3 la evacuaci\u00f3n de los hospitales del norte de la Franja, pero la Organizaci\u00f3n Mundial de la Salud alert\u00f3 de que eso equival\u00eda a una sentencia de muerte por el colapso del sistema m\u00e9dico y porque los hospitales del sur no ten\u00edan capacidad para recibir a los pacientes evacuados.<\/p>\n<p>Al mismo tiempo, la OCHA se\u00f1al\u00f3 que Israel sigue \u201cllamando y ejerciendo presi\u00f3n\u201d en los residentes del norte para que se desplacen al sur, algo que han hecho unos 200.000 en la \u00faltima semana, lo que eleva a m\u00e1s de 1,7 millones los desplazados internos en Gaza.<\/p>\n","protected":false},"excerpt":{"rendered":"<p>Jerusal\u00e9n (EFE).- El Ej\u00e9rcito israel\u00ed inform\u00f3 este martes de que <a href=\"https:\/\/sertv.gob.pa\/nacionalfm\/el-ejercito-de-israel-anuncia-la-toma-de-la-sede-del-gobierno-de-hamas-en-gaza\/\"> [&#8230;]<\/a><\/p>\n","protected":false},"author":9,"featured_media":92428,"comment_status":"closed","ping_status":"closed","sticky":false,"template":"","format":"standard","meta":{"footnotes":""},"categories":[3],"tags":[],"class_list":["post-92427","post","type-post","status-publish","format-standard","has-post-thumbnail","hentry","category-internacionales"],"_links":{"self":[{"href":"https:\/\/sertv.gob.pa\/nacionalfm\/wp-json\/wp\/v2\/posts\/92427","targetHints":{"allow":["GET"]}}],"collection":[{"href":"https:\/\/sertv.gob.pa\/nacionalfm\/wp-json\/wp\/v2\/posts"}],"about":[{"href":"https:\/\/sertv.gob.pa\/nacionalfm\/wp-json\/wp\/v2\/types\/post"}],"author":[{"embeddable":true,"href":"https:\/\/sertv.gob.pa\/nacionalfm\/wp-json\/wp\/v2\/users\/9"}],"replies":[{"embeddable":true,"href":"https:\/\/sertv.gob.pa\/nacionalfm\/wp-json\/wp\/v2\/comments?post=92427"}],"version-history":[{"count":1,"href":"https:\/\/sertv.gob.pa\/nacionalfm\/wp-json\/wp\/v2\/posts\/92427\/revisions"}],"predecessor-version":[{"id":92429,"href":"https:\/\/sertv.gob.pa\/nacionalfm\/wp-json\/wp\/v2\/posts\/92427\/revisions\/92429"}],"wp:featuredmedia":[{"embeddable":true,"href":"https:\/\/sertv.gob.pa\/nacionalfm\/wp-json\/wp\/v2\/media\/92428"}],"wp:attachment":[{"href":"https:\/\/sertv.gob.pa\/nacionalfm\/wp-json\/wp\/v2\/media?parent=92427"}],"wp:term":[{"taxonomy":"category","embeddable":true,"href":"https:\/\/sertv.gob.pa\/nacionalfm\/wp-json\/wp\/v2\/categories?post=92427"},{"taxonomy":"post_tag","embeddable":true,"href":"https:\/\/sertv.gob.pa\/nacionalfm\/wp-json\/wp\/v2\/tags?post=92427"}],"curies":[{"name":"wp","href":"https:\/\/api.w.org\/{rel}","templated":true}]}}