{"id":92461,"date":"2023-11-15T12:52:56","date_gmt":"2023-11-15T17:52:56","guid":{"rendered":"https:\/\/sertv.gob.pa\/nacionalfm\/?p=92461"},"modified":"2023-11-15T12:54:25","modified_gmt":"2023-11-15T17:54:25","slug":"92461-2","status":"publish","type":"post","link":"https:\/\/sertv.gob.pa\/nacionalfm\/92461-2\/","title":{"rendered":"El ej\u00e9rcito israel\u00ed ordena por primera vez la evacuaci\u00f3n de comunidades del sur de Gaza"},"content":{"rendered":"<p><strong><em>\u00a0<\/em><\/strong><strong><em>Rafah (Gaza), (EFE).- <\/em><\/strong><em>El Ej\u00e9rcito israel\u00ed orden\u00f3 por primera vez desde que comenz\u00f3 la guerra la evacuaci\u00f3n de algunas comunidades del sur de la Franja de Gaza, despu\u00e9s de haber forzado el desplazamiento de m\u00e1s de un mill\u00f3n de personas de la mitad norte del enclave hacia el sur.<\/em><\/p>\n<p><em>\u201cPor su seguridad, debe evacuar inmediatamente su lugar de residencia y acudir a refugios conocidos\u201d, inst\u00f3 el Ej\u00e9rcito en una octavillas lanzadas por aire dirigidas a las comunidades orientales de la gobernaci\u00f3n de Jan Younis: Al Qarara, Khuzaa, Bani Suheila y Abasan, en el sur del enclave.<\/em><\/p>\n<p><em>\u00a0<\/em><\/p>\n<p><strong><em>Tropas israel\u00edes se enfrentan a milicianos de Ham\u00e1s en el exterior del hospital Al Shifa de Gaza<\/em><\/strong><\/p>\n<p><em>Tropas del Ej\u00e9rcito de Israel se han enfrentado este mi\u00e9rcoles a milicianos del grupo islamista Ham\u00e1s en el exterior del hospital Al Shifa de la ciudad de Gaza, en cuyo interior soldados israel\u00edes llevan a cabo una \u201coperaci\u00f3n selectiva\u201d.<\/em><\/p>\n<p><em>Seg\u00fan un portavoz militar, antes de entrar en el centro sanitario, las tropas \u201cencontraron artefactos explosivos y c\u00e9lulas terroristas, y comenz\u00f3 un enfrentamiento en el que murieron terroristas\u201d.<\/em><\/p>\n<p><em>Por el momento se desconoce el n\u00famero de v\u00edctimas, aunque la prensa local asegura que fueron cinco.<\/em><\/p>\n<p><em>En un videomensaje, el portavoz ha precisado que \u201clas tropas terrestres est\u00e1n llevando a cabo una operaci\u00f3n precisa y selectiva contra Ham\u00e1s en un \u00e1rea espec\u00edfica del hospital Al Shifa\u201d con el objetivo de \u201cderrotar a Ham\u00e1s y rescatar a rehenes\u201d.<\/em><\/p>\n<p><em>Sin embargo no se ha informado de que hayan encontrado rastro de alguno de los 239 rehenes.<\/em><\/p>\n<p>&nbsp;<\/p>\n<p><strong><em>Sanidad de Gaza acusa a Israel de atacar a evacuados y personal m\u00e9dico<\/em><\/strong><\/p>\n<p><em>El Ministerio de Sanidad de Gaza, controlado por Ham\u00e1s, acus\u00f3 al Ej\u00e9rcito israel\u00ed de atacar al personal m\u00e9dico y a los evacuados dentro del hospital Al Shifa, donde dicen que llevan a cabo una \u201coperaci\u00f3n precisa y localizada\u201d en una parte del centro m\u00e9dico.<\/em><\/p>\n<p><em>\u201cResponsabilizamos a la ocupaci\u00f3n de las vidas de nuestros pacientes, personal m\u00e9dico y a los evacuados\u201d, afirm\u00f3 el director general de hospitales de Sanidad, Mohamed Zaqout.<\/em><\/p>\n<p><em>Zaqout indic\u00f3 que los soldados tambi\u00e9n interrogaron \u201cdurante horas\u201d en salas laterales a varios m\u00e9dicos del hospital y que abrieron fuego contra quienes abandonaron el complejo hospitalario, el mayor de la Franja donde hay unos 2.000 desplazados y 650 pacientes, incluyendo 22 en cuidados intensivos y 36 beb\u00e9s prematuros.<\/em><\/p>\n<p><em>Medios palestinos apuntan a que al menos 200 personas estar\u00edan detenidas, entre personal m\u00e9dico y evacuados<\/em><\/p>\n","protected":false},"excerpt":{"rendered":"<p>\u00a0Rafah (Gaza), (EFE).- El Ej\u00e9rcito israel\u00ed orden\u00f3 por primera vez <a href=\"https:\/\/sertv.gob.pa\/nacionalfm\/92461-2\/\"> [&#8230;]<\/a><\/p>\n","protected":false},"author":9,"featured_media":92462,"comment_status":"closed","ping_status":"closed","sticky":false,"template":"","format":"standard","meta":{"footnotes":""},"categories":[3],"tags":[],"class_list":["post-92461","post","type-post","status-publish","format-standard","has-post-thumbnail","hentry","category-internacionales"],"_links":{"self":[{"href":"https:\/\/sertv.gob.pa\/nacionalfm\/wp-json\/wp\/v2\/posts\/92461","targetHints":{"allow":["GET"]}}],"collection":[{"href":"https:\/\/sertv.gob.pa\/nacionalfm\/wp-json\/wp\/v2\/posts"}],"about":[{"href":"https:\/\/sertv.gob.pa\/nacionalfm\/wp-json\/wp\/v2\/types\/post"}],"author":[{"embeddable":true,"href":"https:\/\/sertv.gob.pa\/nacionalfm\/wp-json\/wp\/v2\/users\/9"}],"replies":[{"embeddable":true,"href":"https:\/\/sertv.gob.pa\/nacionalfm\/wp-json\/wp\/v2\/comments?post=92461"}],"version-history":[{"count":3,"href":"https:\/\/sertv.gob.pa\/nacionalfm\/wp-json\/wp\/v2\/posts\/92461\/revisions"}],"predecessor-version":[{"id":92465,"href":"https:\/\/sertv.gob.pa\/nacionalfm\/wp-json\/wp\/v2\/posts\/92461\/revisions\/92465"}],"wp:featuredmedia":[{"embeddable":true,"href":"https:\/\/sertv.gob.pa\/nacionalfm\/wp-json\/wp\/v2\/media\/92462"}],"wp:attachment":[{"href":"https:\/\/sertv.gob.pa\/nacionalfm\/wp-json\/wp\/v2\/media?parent=92461"}],"wp:term":[{"taxonomy":"category","embeddable":true,"href":"https:\/\/sertv.gob.pa\/nacionalfm\/wp-json\/wp\/v2\/categories?post=92461"},{"taxonomy":"post_tag","embeddable":true,"href":"https:\/\/sertv.gob.pa\/nacionalfm\/wp-json\/wp\/v2\/tags?post=92461"}],"curies":[{"name":"wp","href":"https:\/\/api.w.org\/{rel}","templated":true}]}}