{"id":9247,"date":"2015-12-09T18:33:58","date_gmt":"2015-12-09T18:33:58","guid":{"rendered":""},"modified":"2015-12-09T18:33:58","modified_gmt":"2015-12-09T18:33:58","slug":"tatiana-roux-destaca-en-campeonato-nacional-de-equitacion","status":"publish","type":"post","link":"https:\/\/sertv.gob.pa\/nacionalfm\/tatiana-roux-destaca-en-campeonato-nacional-de-equitacion\/","title":{"rendered":"Tatiana Roux destaca en Campeonato Nacional de Equitaci\u00f3n"},"content":{"rendered":"<p>\nLa amazona Tatiana Roux se llev\u00f3 los honores en la categor\u00eda preinfantil del Torneo Nacional de equitaci\u00f3n al lograr el campeonato y subcampeonato con dos ejemplares distintos. <\/p>\n<p>Pulcra en sus rondas, la peque\u00f1a de 12 a\u00f1os logr\u00f3 conquistar el subcampeonato de esta categor\u00eda sobre los lomos de Refusilo mientras que el campeonato, que tambi\u00e9n pas\u00f3 libre de faltas pero con un mejor tiempo, montando al ejemplar VDL Willmington. <\/p>\n<p>El evento se realiza este fin de semana en las instalaciones del Club Ecuestre Metropolitano. <\/p>\n<p>\u00a0 <\/p>\n","protected":false},"excerpt":{"rendered":"<p>La amazona Tatiana Roux se llev\u00f3 los honores en la <a href=\"https:\/\/sertv.gob.pa\/nacionalfm\/tatiana-roux-destaca-en-campeonato-nacional-de-equitacion\/\"> [&#8230;]<\/a><\/p>\n","protected":false},"author":1,"featured_media":9248,"comment_status":"closed","ping_status":"closed","sticky":false,"template":"","format":"standard","meta":{"footnotes":""},"categories":[4],"tags":[],"class_list":["post-9247","post","type-post","status-publish","format-standard","has-post-thumbnail","hentry","category-deportes"],"_links":{"self":[{"href":"https:\/\/sertv.gob.pa\/nacionalfm\/wp-json\/wp\/v2\/posts\/9247","targetHints":{"allow":["GET"]}}],"collection":[{"href":"https:\/\/sertv.gob.pa\/nacionalfm\/wp-json\/wp\/v2\/posts"}],"about":[{"href":"https:\/\/sertv.gob.pa\/nacionalfm\/wp-json\/wp\/v2\/types\/post"}],"author":[{"embeddable":true,"href":"https:\/\/sertv.gob.pa\/nacionalfm\/wp-json\/wp\/v2\/users\/1"}],"replies":[{"embeddable":true,"href":"https:\/\/sertv.gob.pa\/nacionalfm\/wp-json\/wp\/v2\/comments?post=9247"}],"version-history":[{"count":0,"href":"https:\/\/sertv.gob.pa\/nacionalfm\/wp-json\/wp\/v2\/posts\/9247\/revisions"}],"wp:featuredmedia":[{"embeddable":true,"href":"https:\/\/sertv.gob.pa\/nacionalfm\/wp-json\/wp\/v2\/media\/9248"}],"wp:attachment":[{"href":"https:\/\/sertv.gob.pa\/nacionalfm\/wp-json\/wp\/v2\/media?parent=9247"}],"wp:term":[{"taxonomy":"category","embeddable":true,"href":"https:\/\/sertv.gob.pa\/nacionalfm\/wp-json\/wp\/v2\/categories?post=9247"},{"taxonomy":"post_tag","embeddable":true,"href":"https:\/\/sertv.gob.pa\/nacionalfm\/wp-json\/wp\/v2\/tags?post=9247"}],"curies":[{"name":"wp","href":"https:\/\/api.w.org\/{rel}","templated":true}]}}