{"id":92492,"date":"2023-11-17T13:00:31","date_gmt":"2023-11-17T18:00:31","guid":{"rendered":"https:\/\/sertv.gob.pa\/nacionalfm\/?p=92492"},"modified":"2023-11-17T13:00:31","modified_gmt":"2023-11-17T18:00:31","slug":"hamas-niega-el-uso-de-hospitales-como-centros-de-cautiverio-y-anuncia-muerte-de-otro-rehen","status":"publish","type":"post","link":"https:\/\/sertv.gob.pa\/nacionalfm\/hamas-niega-el-uso-de-hospitales-como-centros-de-cautiverio-y-anuncia-muerte-de-otro-rehen\/","title":{"rendered":"Ham\u00e1s niega el uso de hospitales como centros de cautiverio y anuncia muerte de otro reh\u00e9n"},"content":{"rendered":"<p><strong><em>Jerusal\u00e9n\/ El Cairo (EFE).- <\/em><\/strong><em>El brazo armado de Ham\u00e1s, la Brigadas al Qasam, rechaz\u00f3 este viernes las acusaciones israel\u00edes de que el grupo mantuvo rehenes en hospitales de Gaza, asegur\u00f3 que \u201ctransfirieron un numero de ellos (a centros m\u00e9dicos) para que recibieran tratamiento debido a la gravedad de sus condiciones de salud\u201d y anunci\u00f3 la muerte de otro cautivo.<\/p>\n<p>Seg\u00fan un comunicado, uno de los rehenes -identificado con nombre, apellidos y n\u00famero de carn\u00e9 de identidad-, recibi\u00f3 \u201ccuidados intensivos\u201d en un hospital y, tras recuperarse, fue trasladado de nuevo a su lugar de cautiverio donde, seg\u00fan Al Qasam, muri\u00f3 como consecuencia de \u201clos ataques de p\u00e1nico que sufri\u00f3 como consecuencia de los repetidos bombardeos en torno a su lugar de detenci\u00f3n\u201d.<\/p>\n<p>Las Brigadas a\u00f1aden que publicar\u00e1n material sobre esta cuesti\u00f3n, sin ofrecer m\u00e1s detalles.<\/p>\n<p>Por otra parte, el brazo pol\u00edtico del grupo islamista acus\u00f3 a Israel de \u201ccometer un genocidio\u201d en el hospital Al Shifa, en el que las tropas israel\u00edes irrumpieron recientemente, tras d\u00edas de asedio en los que el hospital se qued\u00f3 sin energ\u00eda y se vio forzado a suspender pr\u00e1cticamente todos sus servicios.<\/em><\/p>\n<p><em>El anuncio de Ham\u00e1s se produce 48 horas despu\u00e9s de que Israel anunciara el hallazago de los cad\u00e1veres de dos rehenes en las cercan\u00edas del hospital Al Shifa, una soldado de 19 a\u00f1os y una mujer de 65, ambas secuestradas el 7 de octubre, junto a m\u00e1s de 240 personas.<\/p>\n<p>Las fuerzas israel\u00edes contin\u00faan con sus operaciones militares que califica de \u201cprecisas y selectivas\u201d en Al Shifa, el hospital m\u00e1s grande de la Franja.<\/p>\n<p>Seg\u00fan Israel, Ham\u00e1s esconde en el mismo recinto m\u00e9dico y entornos el que ser\u00eda su principal centro militar en el enclave, algo que el grupo islamista tambi\u00e9n niega.<\/em><\/p>\n<p><strong><em>\u00a0<\/em><\/strong><\/p>\n","protected":false},"excerpt":{"rendered":"<p>Jerusal\u00e9n\/ El Cairo (EFE).- El brazo armado de Ham\u00e1s, la <a href=\"https:\/\/sertv.gob.pa\/nacionalfm\/hamas-niega-el-uso-de-hospitales-como-centros-de-cautiverio-y-anuncia-muerte-de-otro-rehen\/\"> [&#8230;]<\/a><\/p>\n","protected":false},"author":9,"featured_media":92493,"comment_status":"closed","ping_status":"closed","sticky":false,"template":"","format":"standard","meta":{"footnotes":""},"categories":[3],"tags":[],"class_list":["post-92492","post","type-post","status-publish","format-standard","has-post-thumbnail","hentry","category-internacionales"],"_links":{"self":[{"href":"https:\/\/sertv.gob.pa\/nacionalfm\/wp-json\/wp\/v2\/posts\/92492","targetHints":{"allow":["GET"]}}],"collection":[{"href":"https:\/\/sertv.gob.pa\/nacionalfm\/wp-json\/wp\/v2\/posts"}],"about":[{"href":"https:\/\/sertv.gob.pa\/nacionalfm\/wp-json\/wp\/v2\/types\/post"}],"author":[{"embeddable":true,"href":"https:\/\/sertv.gob.pa\/nacionalfm\/wp-json\/wp\/v2\/users\/9"}],"replies":[{"embeddable":true,"href":"https:\/\/sertv.gob.pa\/nacionalfm\/wp-json\/wp\/v2\/comments?post=92492"}],"version-history":[{"count":1,"href":"https:\/\/sertv.gob.pa\/nacionalfm\/wp-json\/wp\/v2\/posts\/92492\/revisions"}],"predecessor-version":[{"id":92494,"href":"https:\/\/sertv.gob.pa\/nacionalfm\/wp-json\/wp\/v2\/posts\/92492\/revisions\/92494"}],"wp:featuredmedia":[{"embeddable":true,"href":"https:\/\/sertv.gob.pa\/nacionalfm\/wp-json\/wp\/v2\/media\/92493"}],"wp:attachment":[{"href":"https:\/\/sertv.gob.pa\/nacionalfm\/wp-json\/wp\/v2\/media?parent=92492"}],"wp:term":[{"taxonomy":"category","embeddable":true,"href":"https:\/\/sertv.gob.pa\/nacionalfm\/wp-json\/wp\/v2\/categories?post=92492"},{"taxonomy":"post_tag","embeddable":true,"href":"https:\/\/sertv.gob.pa\/nacionalfm\/wp-json\/wp\/v2\/tags?post=92492"}],"curies":[{"name":"wp","href":"https:\/\/api.w.org\/{rel}","templated":true}]}}