{"id":92508,"date":"2023-11-20T13:12:07","date_gmt":"2023-11-20T18:12:07","guid":{"rendered":"https:\/\/sertv.gob.pa\/nacionalfm\/?p=92508"},"modified":"2023-11-20T13:12:07","modified_gmt":"2023-11-20T18:12:07","slug":"javier-milei-derrota-a-sergio-massa-y-sera-el-presidente-de-argentina-hoy-comienza-la-reconstruccion","status":"publish","type":"post","link":"https:\/\/sertv.gob.pa\/nacionalfm\/javier-milei-derrota-a-sergio-massa-y-sera-el-presidente-de-argentina-hoy-comienza-la-reconstruccion\/","title":{"rendered":"Javier Milei derrota a Sergio Massa y ser\u00e1 el presidente de Argentina: \u201cHoy comienza la reconstrucci\u00f3n\u201d"},"content":{"rendered":"<p><strong><em>Buenos Aires (EFE).- <\/em><\/strong>La diferencia entre el candidato libertario a la Presidencia de Argentina, Javier Milei, y el oficialista, Sergio Massa, se estabiliz\u00f3 en torno a los 11,5 puntos con el 98 % del escrutinio efectuado en el balotaje celebrado este domingo para decidir qui\u00e9n ser\u00e1 el mandatario desde el 10 de diciembre.<\/p>\n<p>Seg\u00fan el escrutinio de la Direcci\u00f3n Nacional Electoral, con un 98,01 % de las mesas escrutadas,\u00a0<a href=\"https:\/\/efe.com\/mundo\/2023-11-18\/javier-milei-el-anticasta-que-ha-agitado-el-avispero-de-la-politica-argentina\/\" target=\"_blank\" rel=\"noopener\"><strong>Milei<\/strong><\/a>\u00a0gan\u00f3 con un 55,75 % de apoyo (14.319.272 votos) frente al actual ministro de Econom\u00eda, Sergio Massa, con un 44,24 % (11.384.014 votos).<\/p>\n<p>El presidente electo, Javier Milei, avis\u00f3 este domingo, durante su discurso en el \u201cb\u00fanker\u201d electoral tras conocer los resultados que le dieron como ganador del balotaje, de que \u201cno hay lugar para la tibieza\u201d o \u201clas medias tintas\u201d en referencia a las reformas estructurales que propone para Argentina.<\/p>\n<p>\u201cNo hay lugar para el gradualismo, no hay lugar para la tibieza, no hay lugar para las medias tintas\u201d, se\u00f1al\u00f3 el l\u00edder de la Libertad Avanza (ultraderecha), quien pidi\u00f3 al Gobierno \u201cque sea responsable\u201d y \u201cse haga cargo de su responsabilidad hasta el final del mandato\u201d.<\/p>\n<p>Milei abri\u00f3 la puerta a los dirigentes pol\u00edticos de otras fuerzas pol\u00edticas que quieran sumarse al nuevo pa\u00eds, a los cuales dijo que ser\u00e1n \u201cbienvenidos\u201d, al margen de d\u00f3nde estuvieran antes o las posibles diferencias.<\/p>\n<p>\u201cEs m\u00e1s importante lo que nos une que lo que nos separa\u201d, enfatiz\u00f3 el l\u00edder de la Libertad Avanza (ultraderecha) en su primer discurso como presidente electo frente a una multitud que le gritaba \u201cpeluca, presidente\u201d, por el cargo que ocupar\u00e1 desde el 10 de diciembre.<\/p>\n<p><strong>Massa acepta su derrota<\/strong><\/p>\n<p>El candidato oficialista a la Presidencia de Argentina, Sergio Massa, reconoci\u00f3 este domingo su derrota en las elecciones que dio el triunfo -a\u00fan sin cifras oficiales- a su oponente, el l\u00edder de La Libertad Avanza (ultraderecha), Javier Milei, quien ser\u00e1 pr\u00f3ximo mandatario del pa\u00eds desde el 10 de diciembre.<\/p>\n<p>\u201cLos resultados no son los que esper\u00e1bamos. Me he comunicado con Javier Milei para felicitarlo y para desearle suerte porque es el presidente que la mayor\u00eda de los argentinos eligi\u00f3 para los pr\u00f3ximos cuatro a\u00f1os\u201d, dijo Massa ante seguidores congregados a las puertas del \u201cb\u00fanker\u201d oficialista en la capital argentina.<\/p>\n<p>Massa, quien reconoci\u00f3 su derrota antes de que se conocieran los primeros datos oficiales del escrutinio provisional, cont\u00f3 que propuso a Milei y al presidente argentino, Alberto Fern\u00e1ndez, poner en marcha \u201cma\u00f1ana mismo\u201d mecanismos \u201cde enlace y transici\u00f3n de recambio democr\u00e1tico para que los argentinos en los pr\u00f3ximos 19 d\u00edas no tengan dudas ni incertidumbres respecto del normal funcionamiento econ\u00f3mico, social, pol\u00edtico e institucional\u201d.<\/p>\n<p>El ministro afirm\u00f3 que \u201cdesde ma\u00f1ana la responsabilidad, la tarea de dar certezas, de transmitir garant\u00edas sobre el funcionamiento pol\u00edtico, social y econ\u00f3mico de Argentina es responsabilidad del nuevo presidente electo y esperamos que as\u00ed lo haga\u201d.<\/p>\n<p>\u201cHoy termina una etapa en mi vida pol\u00edtica. Seguramente la vida me depare otras tareas y responsabilidades. Pero sepan que siempre van a contar conmigo defendiendo los valores del trabajo, la educaci\u00f3n p\u00fablica, la industria nacional y el federalismo como valores centrales de la Argentina\u201d, asegur\u00f3.<\/p>\n<p>&nbsp;<\/p>\n","protected":false},"excerpt":{"rendered":"<p>Buenos Aires (EFE).- La diferencia entre el candidato libertario a <a href=\"https:\/\/sertv.gob.pa\/nacionalfm\/javier-milei-derrota-a-sergio-massa-y-sera-el-presidente-de-argentina-hoy-comienza-la-reconstruccion\/\"> [&#8230;]<\/a><\/p>\n","protected":false},"author":9,"featured_media":92509,"comment_status":"closed","ping_status":"closed","sticky":false,"template":"","format":"standard","meta":{"footnotes":""},"categories":[3],"tags":[],"class_list":["post-92508","post","type-post","status-publish","format-standard","has-post-thumbnail","hentry","category-internacionales"],"_links":{"self":[{"href":"https:\/\/sertv.gob.pa\/nacionalfm\/wp-json\/wp\/v2\/posts\/92508","targetHints":{"allow":["GET"]}}],"collection":[{"href":"https:\/\/sertv.gob.pa\/nacionalfm\/wp-json\/wp\/v2\/posts"}],"about":[{"href":"https:\/\/sertv.gob.pa\/nacionalfm\/wp-json\/wp\/v2\/types\/post"}],"author":[{"embeddable":true,"href":"https:\/\/sertv.gob.pa\/nacionalfm\/wp-json\/wp\/v2\/users\/9"}],"replies":[{"embeddable":true,"href":"https:\/\/sertv.gob.pa\/nacionalfm\/wp-json\/wp\/v2\/comments?post=92508"}],"version-history":[{"count":1,"href":"https:\/\/sertv.gob.pa\/nacionalfm\/wp-json\/wp\/v2\/posts\/92508\/revisions"}],"predecessor-version":[{"id":92510,"href":"https:\/\/sertv.gob.pa\/nacionalfm\/wp-json\/wp\/v2\/posts\/92508\/revisions\/92510"}],"wp:featuredmedia":[{"embeddable":true,"href":"https:\/\/sertv.gob.pa\/nacionalfm\/wp-json\/wp\/v2\/media\/92509"}],"wp:attachment":[{"href":"https:\/\/sertv.gob.pa\/nacionalfm\/wp-json\/wp\/v2\/media?parent=92508"}],"wp:term":[{"taxonomy":"category","embeddable":true,"href":"https:\/\/sertv.gob.pa\/nacionalfm\/wp-json\/wp\/v2\/categories?post=92508"},{"taxonomy":"post_tag","embeddable":true,"href":"https:\/\/sertv.gob.pa\/nacionalfm\/wp-json\/wp\/v2\/tags?post=92508"}],"curies":[{"name":"wp","href":"https:\/\/api.w.org\/{rel}","templated":true}]}}