{"id":92541,"date":"2023-11-21T12:34:26","date_gmt":"2023-11-21T17:34:26","guid":{"rendered":"https:\/\/sertv.gob.pa\/nacionalfm\/?p=92541"},"modified":"2023-11-21T12:34:26","modified_gmt":"2023-11-21T17:34:26","slug":"los-brics-piden-una-tregua-humanitaria-que-lleve-al-cese-de-hostilidades-en-gaza","status":"publish","type":"post","link":"https:\/\/sertv.gob.pa\/nacionalfm\/los-brics-piden-una-tregua-humanitaria-que-lleve-al-cese-de-hostilidades-en-gaza\/","title":{"rendered":"Los BRICS piden una \u201ctregua humanitaria\u201d que lleve al \u201ccese de hostilidades\u201d en Gaza"},"content":{"rendered":"<p><strong><em>Johannesburgo, (EFE).-<\/em><\/strong> Los l\u00edderes del grupo de econom\u00edas emergentes BRICS pidieron este martes en una reuni\u00f3n virtual extraordinaria una \u201ctregua humanitaria, duradera y sostenida que conduzca al cese de las hostilidades\u201d entre Israel y el movimiento isl\u00e1mico Ham\u00e1s en la Franja de Gaza.<\/p>\n<p>El bloque (Brasil, Rusia, India, China y Sud\u00e1frica) hizo esta petici\u00f3n en un comunicado emitido al t\u00e9rmino de su cumbre para analizar la crisis de Gaza, convocada por el presidente de Sud\u00e1frica, Cyril Ramaphosa, cuyo pa\u00eds preside este a\u00f1o los BRICS.<\/p>\n<p>\u201cReafirmamos que una soluci\u00f3n justa y duradera al conflicto palestino-israel\u00ed solo puede conseguirse por medios pac\u00edficos\u201d, destac\u00f3 el documento, que abog\u00f3 por la creaci\u00f3n de dos Estados, Israel y Palestina.<\/p>\n<p>Asimismo, los l\u00edderes del bloque reiteraron su \u201cfirme apoyo a los esfuerzos regionales e internacionales destinados a conseguir un cese inmediato de las hostilidades, garantizar la protecci\u00f3n de los civiles y la prestaci\u00f3n de la ayuda humanitaria\u201d.<\/p>\n<p><strong>Decenas de muertos en dos hospitales de Gaza por bombardeos del Ej\u00e9rcito israel\u00ed<\/strong><\/p>\n<p>Decenas de palestinos que trabajaban o estaban internados en dos hospitales del norte de la Franja de Gaza murieron este martes como consecuencia de bombardeos del Ej\u00e9rcito de Israel, seg\u00fan el Ministerio de Sanidad de Gaza, controlado por el grupo islamista Ham\u00e1s.<\/p>\n<p>En un comunicado, el ministerio ha se\u00f1alado que se han registrado \u201cdecenas de muertos por un bombardeo israel\u00ed contra el Hospital Indonesio\u201d, en la ciudad de Bait Lahia.<\/p>\n<p>Tambi\u00e9n informa de \u201cdecenas de muertos y heridos entre pacientes y personal m\u00e9dico por un bombardeo israel\u00ed contra el hospital Al Awda\u201d, en Yabalia.<\/p>\n<p>Las autoridades del enclave ya hab\u00edan alertado esta ma\u00f1ana de que el Hospital Indonesio, que dej\u00f3 de funcionar hace varios d\u00edas, segu\u00eda asediado por las tropas de Israel.<\/p>\n<p>Los portavoces del Ministerio de Salud no precisaron cu\u00e1ntas personas se encuentran en el centro, pero si confirmaron que dos autobuses que transportaban evacuados del hospital lograron llegar esta madrugada al sur de la Franja.<\/p>\n","protected":false},"excerpt":{"rendered":"<p>Johannesburgo, (EFE).- Los l\u00edderes del grupo de econom\u00edas emergentes BRICS <a href=\"https:\/\/sertv.gob.pa\/nacionalfm\/los-brics-piden-una-tregua-humanitaria-que-lleve-al-cese-de-hostilidades-en-gaza\/\"> [&#8230;]<\/a><\/p>\n","protected":false},"author":9,"featured_media":92542,"comment_status":"closed","ping_status":"closed","sticky":false,"template":"","format":"standard","meta":{"footnotes":""},"categories":[3],"tags":[],"class_list":["post-92541","post","type-post","status-publish","format-standard","has-post-thumbnail","hentry","category-internacionales"],"_links":{"self":[{"href":"https:\/\/sertv.gob.pa\/nacionalfm\/wp-json\/wp\/v2\/posts\/92541","targetHints":{"allow":["GET"]}}],"collection":[{"href":"https:\/\/sertv.gob.pa\/nacionalfm\/wp-json\/wp\/v2\/posts"}],"about":[{"href":"https:\/\/sertv.gob.pa\/nacionalfm\/wp-json\/wp\/v2\/types\/post"}],"author":[{"embeddable":true,"href":"https:\/\/sertv.gob.pa\/nacionalfm\/wp-json\/wp\/v2\/users\/9"}],"replies":[{"embeddable":true,"href":"https:\/\/sertv.gob.pa\/nacionalfm\/wp-json\/wp\/v2\/comments?post=92541"}],"version-history":[{"count":1,"href":"https:\/\/sertv.gob.pa\/nacionalfm\/wp-json\/wp\/v2\/posts\/92541\/revisions"}],"predecessor-version":[{"id":92543,"href":"https:\/\/sertv.gob.pa\/nacionalfm\/wp-json\/wp\/v2\/posts\/92541\/revisions\/92543"}],"wp:featuredmedia":[{"embeddable":true,"href":"https:\/\/sertv.gob.pa\/nacionalfm\/wp-json\/wp\/v2\/media\/92542"}],"wp:attachment":[{"href":"https:\/\/sertv.gob.pa\/nacionalfm\/wp-json\/wp\/v2\/media?parent=92541"}],"wp:term":[{"taxonomy":"category","embeddable":true,"href":"https:\/\/sertv.gob.pa\/nacionalfm\/wp-json\/wp\/v2\/categories?post=92541"},{"taxonomy":"post_tag","embeddable":true,"href":"https:\/\/sertv.gob.pa\/nacionalfm\/wp-json\/wp\/v2\/tags?post=92541"}],"curies":[{"name":"wp","href":"https:\/\/api.w.org\/{rel}","templated":true}]}}