{"id":92564,"date":"2023-11-22T13:02:09","date_gmt":"2023-11-22T18:02:09","guid":{"rendered":"https:\/\/sertv.gob.pa\/nacionalfm\/?p=92564"},"modified":"2023-11-22T13:02:09","modified_gmt":"2023-11-22T18:02:09","slug":"lideres-del-g20-llaman-a-la-solucion-de-dos-estados-para-solucionar-el-conflicto-en-gaza","status":"publish","type":"post","link":"https:\/\/sertv.gob.pa\/nacionalfm\/lideres-del-g20-llaman-a-la-solucion-de-dos-estados-para-solucionar-el-conflicto-en-gaza\/","title":{"rendered":"L\u00edderes del G20 llaman a la soluci\u00f3n de dos Estados para solucionar el conflicto en Gaza"},"content":{"rendered":"<p><strong><em>\u00a0<\/em><\/strong><strong><em>Nueva Delhi, (EFE).-<\/em><\/strong> Los l\u00edderes del G20 apostaron este mi\u00e9rcoles por la soluci\u00f3n de dos Estados para poner fin al conflicto en Gaza entre Israel y el grupo islamista Ham\u00e1s, en la cumbre virtual que convoc\u00f3 la India como presidenta del Grupo de los Veinte.<\/p>\n<p>\u201cSobre la grave situaci\u00f3n en Asia Occidental y despu\u00e9s de escuchar a todos, el G20 est\u00e1 de acuerdo en varias cuestiones: (\u2026) la necesidad de resolver el problema entre Israel y Palestina mediante una soluci\u00f3n de dos Estados\u201d, dijo el primer ministro indio, Narendra Modi, durante la clausura de la reuni\u00f3n del G20.<\/p>\n<p>Adem\u00e1s de apoyar esta v\u00eda, los pa\u00edses desarrollados y emergentes condenaron el terrorismo y la muerte de civiles durante el conflicto, especialmente de ni\u00f1os, acordaron el env\u00edo \u201cr\u00e1pido y eficaz\u201d de ayuda humanitaria e instaron al \u201cdi\u00e1logo y la diplomacia como la \u00fanica v\u00eda para resolver los conflictos internacionales\u201d, continu\u00f3 Modi.<\/p>\n<p>La guerra en Gaza, que ya se ha cobrado las vidas de m\u00e1s de 15.000 personas, fue el tema central de la reuni\u00f3n de l\u00edderes, que coincidi\u00f3 con el anuncio este mi\u00e9rcoles de una tregua temporal de car\u00e1cter humanitario entre Israel y Ham\u00e1s, que el Grupo de los Veinte tambi\u00e9n acogi\u00f3 \u201ccon satisfacci\u00f3n\u201d.<\/p>\n<p>Un alto el fuego de cuatro d\u00edas que previsiblemente comenzar\u00e1 ma\u00f1ana jueves y que prev\u00e9 el intercambio de rehenes entre ambos bandos, as\u00ed como la entrada de ayuda humanitaria.<\/p>\n<p>&nbsp;<\/p>\n<p><strong><em>M\u00e1s de 200 muertos por ataques israel\u00edes en Gaza horas antes del inicio de la tregua humanitaria, seg\u00fan Ham\u00e1s<\/em><\/strong><\/p>\n<p>&nbsp;<\/p>\n<p>Los bombardeos israel\u00edes sobre la Franja han causado al menos 200 muertos en las 24 \u00faltimas horas, seg\u00fan la Oficina de Comunicaci\u00f3n del Gobierno de la Franja, controlada por Ham\u00e1s.<\/p>\n<p>Pese al acuerdo de tregua temporal alcanzado entre Israel y la milicia palestina, que ma\u00f1ana entrar\u00e1 en vigor, los ataques no parecen bajar de intensidad.<\/p>\n<p>Seg\u00fan la agencia oficial de noticias palestina Wafa, al menos 80 personas, en su mayor\u00eda mujeres y ni\u00f1os, han fallecido este mismo mi\u00e9rcoles en ataques a\u00e9reos que han destruido \u201cdecenas de casas, edificios, apartamentos residenciales y propiedades p\u00fablicas y privadas fueron destruidas\u201d en varios puntos del enclave costero.<\/p>\n<p>Adem\u00e1s, a medianoche, aviones de combate israel\u00edes \u201cbombardearon casas habitadas en el centro de la Franja, matando a m\u00e1s de 40 personas y dejando decenas de heridos y desaparecidas bajo los escombros\u201d.<\/p>\n<p>Otros dos ataques en sendos barrios de la ciudad de Gaza causaron medio centenar de muertos, a lo que habr\u00eda que sumar los fallecidos en Yabalia, en el norte de la Franja.<\/p>\n<p>Por su parte, un portavoz militar israel\u00ed ha asegurado que \u201clas tropas siguen operando en el enclave para matar a terroristas, destruir infraestructura terrorista y localizar armas almacenadas dentro de edificios civiles\u201d.<\/p>\n<p>Seg\u00fan las fuerzas armadas, el Ej\u00e9rcito israel\u00ed ha destruido unos 400 t\u00faneles que eran parte de la infraestructura militar del grupo islamista Ham\u00e1s durante su ofensiva en Gaza.<\/p>\n<p>El mando castrense ha asegurado que el grupo islamista integr\u00f3 su red de t\u00faneles\u201d debajo de los centros de poblaci\u00f3n en toda la Franja de Gaza\u201d, como parte de una infraestructura subterr\u00e1nea que conecta con \u201chospitales, escuelas y hogares civiles\u201d.<\/p>\n<p>Desde el pasado 7 de octubre, los ataques y bombardeos israel\u00edes han causado m\u00e1s de 14.100 muertos en Gaza, la mayor\u00eda ni\u00f1os y mujeres, y se estima que m\u00e1s de 6.800 est\u00e1n desaparecidas bajo escombros o sus cad\u00e1veres tirados en calles y carreteras sin que se hayan podido recuperar.<\/p>\n","protected":false},"excerpt":{"rendered":"<p>\u00a0Nueva Delhi, (EFE).- Los l\u00edderes del G20 apostaron este mi\u00e9rcoles <a href=\"https:\/\/sertv.gob.pa\/nacionalfm\/lideres-del-g20-llaman-a-la-solucion-de-dos-estados-para-solucionar-el-conflicto-en-gaza\/\"> [&#8230;]<\/a><\/p>\n","protected":false},"author":9,"featured_media":92565,"comment_status":"closed","ping_status":"closed","sticky":false,"template":"","format":"standard","meta":{"footnotes":""},"categories":[3],"tags":[],"class_list":["post-92564","post","type-post","status-publish","format-standard","has-post-thumbnail","hentry","category-internacionales"],"_links":{"self":[{"href":"https:\/\/sertv.gob.pa\/nacionalfm\/wp-json\/wp\/v2\/posts\/92564","targetHints":{"allow":["GET"]}}],"collection":[{"href":"https:\/\/sertv.gob.pa\/nacionalfm\/wp-json\/wp\/v2\/posts"}],"about":[{"href":"https:\/\/sertv.gob.pa\/nacionalfm\/wp-json\/wp\/v2\/types\/post"}],"author":[{"embeddable":true,"href":"https:\/\/sertv.gob.pa\/nacionalfm\/wp-json\/wp\/v2\/users\/9"}],"replies":[{"embeddable":true,"href":"https:\/\/sertv.gob.pa\/nacionalfm\/wp-json\/wp\/v2\/comments?post=92564"}],"version-history":[{"count":1,"href":"https:\/\/sertv.gob.pa\/nacionalfm\/wp-json\/wp\/v2\/posts\/92564\/revisions"}],"predecessor-version":[{"id":92566,"href":"https:\/\/sertv.gob.pa\/nacionalfm\/wp-json\/wp\/v2\/posts\/92564\/revisions\/92566"}],"wp:featuredmedia":[{"embeddable":true,"href":"https:\/\/sertv.gob.pa\/nacionalfm\/wp-json\/wp\/v2\/media\/92565"}],"wp:attachment":[{"href":"https:\/\/sertv.gob.pa\/nacionalfm\/wp-json\/wp\/v2\/media?parent=92564"}],"wp:term":[{"taxonomy":"category","embeddable":true,"href":"https:\/\/sertv.gob.pa\/nacionalfm\/wp-json\/wp\/v2\/categories?post=92564"},{"taxonomy":"post_tag","embeddable":true,"href":"https:\/\/sertv.gob.pa\/nacionalfm\/wp-json\/wp\/v2\/tags?post=92564"}],"curies":[{"name":"wp","href":"https:\/\/api.w.org\/{rel}","templated":true}]}}