{"id":92594,"date":"2023-11-23T13:22:36","date_gmt":"2023-11-23T18:22:36","guid":{"rendered":"https:\/\/sertv.gob.pa\/nacionalfm\/?p=92594"},"modified":"2023-11-23T13:22:36","modified_gmt":"2023-11-23T18:22:36","slug":"egipto-moviliza-un-convoy-de-ayuda-humanitaria-masivo-a-gaza-tras-el-anuncio-de-tregua","status":"publish","type":"post","link":"https:\/\/sertv.gob.pa\/nacionalfm\/egipto-moviliza-un-convoy-de-ayuda-humanitaria-masivo-a-gaza-tras-el-anuncio-de-tregua\/","title":{"rendered":"Egipto moviliza un convoy de ayuda humanitaria masivo a Gaza tras el anuncio de tregua"},"content":{"rendered":"<p><strong><em>El Cairo, (EFE).- <\/em><\/strong><em>Egipto moviliz\u00f3 hoy desde El Cairo un convoy de ayuda humanitaria compuesto por m\u00e1s de un centenar de camiones que se dirigir\u00e1n al cruce de Rafah, que conecta Gaza con el Sina\u00ed, a falta de unas horas para que entre en vigor la tregua entre Israel y Ham\u00e1s en la Franja a primera hora del viernes.<\/p>\n<p>Decenas de camiones se encuentran estacionados frente al Estadio Internacional de El Cairo, donde tuvo lugar un evento multitudinario en apoyo a Palestina en el que particip\u00f3 el presidente egipcio, Abdelfatah al Sisi, seg\u00fan im\u00e1genes retransmitidas por la cadena de televisi\u00f3n estatal Al Qahera News.<\/p>\n<p>Seg\u00fan el medio, este convoy se suma a otro compuesto por cerca de medio millar de camiones que se est\u00e1n desplazando a Rafah desde diferentes puntos del norte del Sina\u00ed<\/em><\/p>\n","protected":false},"excerpt":{"rendered":"<p>El Cairo, (EFE).- Egipto moviliz\u00f3 hoy desde El Cairo un <a href=\"https:\/\/sertv.gob.pa\/nacionalfm\/egipto-moviliza-un-convoy-de-ayuda-humanitaria-masivo-a-gaza-tras-el-anuncio-de-tregua\/\"> [&#8230;]<\/a><\/p>\n","protected":false},"author":9,"featured_media":92595,"comment_status":"closed","ping_status":"closed","sticky":false,"template":"","format":"standard","meta":{"footnotes":""},"categories":[3],"tags":[],"class_list":["post-92594","post","type-post","status-publish","format-standard","has-post-thumbnail","hentry","category-internacionales"],"_links":{"self":[{"href":"https:\/\/sertv.gob.pa\/nacionalfm\/wp-json\/wp\/v2\/posts\/92594","targetHints":{"allow":["GET"]}}],"collection":[{"href":"https:\/\/sertv.gob.pa\/nacionalfm\/wp-json\/wp\/v2\/posts"}],"about":[{"href":"https:\/\/sertv.gob.pa\/nacionalfm\/wp-json\/wp\/v2\/types\/post"}],"author":[{"embeddable":true,"href":"https:\/\/sertv.gob.pa\/nacionalfm\/wp-json\/wp\/v2\/users\/9"}],"replies":[{"embeddable":true,"href":"https:\/\/sertv.gob.pa\/nacionalfm\/wp-json\/wp\/v2\/comments?post=92594"}],"version-history":[{"count":1,"href":"https:\/\/sertv.gob.pa\/nacionalfm\/wp-json\/wp\/v2\/posts\/92594\/revisions"}],"predecessor-version":[{"id":92596,"href":"https:\/\/sertv.gob.pa\/nacionalfm\/wp-json\/wp\/v2\/posts\/92594\/revisions\/92596"}],"wp:featuredmedia":[{"embeddable":true,"href":"https:\/\/sertv.gob.pa\/nacionalfm\/wp-json\/wp\/v2\/media\/92595"}],"wp:attachment":[{"href":"https:\/\/sertv.gob.pa\/nacionalfm\/wp-json\/wp\/v2\/media?parent=92594"}],"wp:term":[{"taxonomy":"category","embeddable":true,"href":"https:\/\/sertv.gob.pa\/nacionalfm\/wp-json\/wp\/v2\/categories?post=92594"},{"taxonomy":"post_tag","embeddable":true,"href":"https:\/\/sertv.gob.pa\/nacionalfm\/wp-json\/wp\/v2\/tags?post=92594"}],"curies":[{"name":"wp","href":"https:\/\/api.w.org\/{rel}","templated":true}]}}