{"id":92624,"date":"2023-11-24T12:28:47","date_gmt":"2023-11-24T17:28:47","guid":{"rendered":"https:\/\/sertv.gob.pa\/nacionalfm\/?p=92624"},"modified":"2023-11-24T12:28:47","modified_gmt":"2023-11-24T17:28:47","slug":"el-secretario-general-de-la-onu-insta-al-mundo-a-preocuparse-por-el-deterioro-de-la-antartida","status":"publish","type":"post","link":"https:\/\/sertv.gob.pa\/nacionalfm\/el-secretario-general-de-la-onu-insta-al-mundo-a-preocuparse-por-el-deterioro-de-la-antartida\/","title":{"rendered":"El secretario general de la ONU insta al mundo a preocuparse por el deterioro de la Ant\u00e1rtida"},"content":{"rendered":"<p><strong><em>Santiago de Chile (EFE).-<\/em><\/strong> El secretario general de la ONU, Ant\u00f3nio Guterres, inst\u00f3 este viernes al mundo a preocuparse por el deterioro de la Ant\u00e1rtida, que alberga el 90 % del hielo del mundo y el 75 % de las reservas mundiales de agua dulce.<\/p>\n<p>En un comunicado, emitido durante su segundo d\u00eda de visita al territorio ant\u00e1rtico controlado por Chile, el diplom\u00e1tico portugu\u00e9s denunci\u00f3, una vez m\u00e1s, que el calentamiento global est\u00e1 despertando a este \u201cgigante dormido\u201d a trav\u00e9s de una pesadilla peligrosa para el futuro llamada \u201ccaos clim\u00e1tico\u201d.<\/p>\n<p>\u201cLa contaminaci\u00f3n por combustibles f\u00f3siles est\u00e1 calentando nuestro planeta, desatando la anarqu\u00eda clim\u00e1tica en la Ant\u00e1rtica\u201d, afirm\u00f3 desde la Isla Rey Jorge, donde se encuentra desde ayer\u00a0<a href=\"https:\/\/efe.com\/portada-america\/2023-11-23\/boric-pide-defender-la-antartida-que-guarda-tres-cuartas-partes-del-agua-dulce-del-mundo\/\" target=\"_blank\" rel=\"noopener\"><strong>en compa\u00f1\u00eda del presidente de Chile<\/strong><\/a>, Gabriel Boric.<\/p>\n<p>A\u00f1adi\u00f3 que el Oc\u00e9ano Ant\u00e1rtico se ha llevado la mayor parte del \u201ccalor del calentamiento global\u201d.<\/p>\n","protected":false},"excerpt":{"rendered":"<p>Santiago de Chile (EFE).- El secretario general de la ONU, <a href=\"https:\/\/sertv.gob.pa\/nacionalfm\/el-secretario-general-de-la-onu-insta-al-mundo-a-preocuparse-por-el-deterioro-de-la-antartida\/\"> [&#8230;]<\/a><\/p>\n","protected":false},"author":9,"featured_media":92625,"comment_status":"closed","ping_status":"closed","sticky":false,"template":"","format":"standard","meta":{"footnotes":""},"categories":[3],"tags":[],"class_list":["post-92624","post","type-post","status-publish","format-standard","has-post-thumbnail","hentry","category-internacionales"],"_links":{"self":[{"href":"https:\/\/sertv.gob.pa\/nacionalfm\/wp-json\/wp\/v2\/posts\/92624","targetHints":{"allow":["GET"]}}],"collection":[{"href":"https:\/\/sertv.gob.pa\/nacionalfm\/wp-json\/wp\/v2\/posts"}],"about":[{"href":"https:\/\/sertv.gob.pa\/nacionalfm\/wp-json\/wp\/v2\/types\/post"}],"author":[{"embeddable":true,"href":"https:\/\/sertv.gob.pa\/nacionalfm\/wp-json\/wp\/v2\/users\/9"}],"replies":[{"embeddable":true,"href":"https:\/\/sertv.gob.pa\/nacionalfm\/wp-json\/wp\/v2\/comments?post=92624"}],"version-history":[{"count":1,"href":"https:\/\/sertv.gob.pa\/nacionalfm\/wp-json\/wp\/v2\/posts\/92624\/revisions"}],"predecessor-version":[{"id":92626,"href":"https:\/\/sertv.gob.pa\/nacionalfm\/wp-json\/wp\/v2\/posts\/92624\/revisions\/92626"}],"wp:featuredmedia":[{"embeddable":true,"href":"https:\/\/sertv.gob.pa\/nacionalfm\/wp-json\/wp\/v2\/media\/92625"}],"wp:attachment":[{"href":"https:\/\/sertv.gob.pa\/nacionalfm\/wp-json\/wp\/v2\/media?parent=92624"}],"wp:term":[{"taxonomy":"category","embeddable":true,"href":"https:\/\/sertv.gob.pa\/nacionalfm\/wp-json\/wp\/v2\/categories?post=92624"},{"taxonomy":"post_tag","embeddable":true,"href":"https:\/\/sertv.gob.pa\/nacionalfm\/wp-json\/wp\/v2\/tags?post=92624"}],"curies":[{"name":"wp","href":"https:\/\/api.w.org\/{rel}","templated":true}]}}