{"id":9263,"date":"2015-12-09T19:45:26","date_gmt":"2015-12-09T19:45:26","guid":{"rendered":""},"modified":"2015-12-09T19:45:26","modified_gmt":"2015-12-09T19:45:26","slug":"por-primera-vez-en-europa-operan-a-ninos-a-corazon-cerrado","status":"publish","type":"post","link":"https:\/\/sertv.gob.pa\/nacionalfm\/por-primera-vez-en-europa-operan-a-ninos-a-corazon-cerrado\/","title":{"rendered":"Por primera vez en Europa operan a ni\u00f1os a coraz\u00f3n cerrado"},"content":{"rendered":"<p>\nTres ni\u00f1os fueron\u00a0operados a coraz\u00f3n cerrado con \u00e9xito\u00a0recientemente en\u00a0 Francia , una primicia en Europa, gracias a la utilizaci\u00f3n del EchoNavigator un nuevo software de visualizaci\u00f3n en 3D, inform\u00f3 este domingo el responsable del equipo m\u00e9dico de pediatr\u00eda del hospital de Toulouse (suroeste). <\/p>\n<p>Este sistema de\u00a0navegaci\u00f3n en 3D\u00a0ya hab\u00eda sido utilizado en un hospital de Cr\u00e9teil, en la regi\u00f3n parisina, y en otros nosocomios europeos aunque solamente \u00aben adultos y con otros problemas\u00bb, precis\u00f3 a la\u00a0AFP\u00a0Philippe Acar, cardi\u00f3logo y pediatra, confirmando informaciones de prensa. <\/p>\n<p>Este software, desarrollado junto a la empresa Philips, permite ver en la misma pantalla en 3D la ecograf\u00eda del coraz\u00f3n del ni\u00f1o que es operado y los rayos X en el momento en que los m\u00e9dicos introducen la sonda con la que proceden a reparar las malformaciones card\u00edacas, explic\u00f3 el profesor Acar, quien dirige este proyecto de investigaci\u00f3n cl\u00ednica. <\/p>\n<p>Esta nueva tecnolog\u00eda probada en Toulouse se integra a un proyecto europeo, precis\u00f3 el cardi\u00f3logo. Unos cuarenta ni\u00f1os se beneficiar\u00e1n de una operaci\u00f3n de este tipo en los dos pr\u00f3ximos a\u00f1os, antes que este procedimiento se extienda a todos los hospitales de Francia y todo el continente. <\/p>\n<p>\u00abHay que demostrar que aporta una verdadera ayuda a los cirujanos\u00bb, explic\u00f3 el profesor Acar. <\/p>\n<p>Nellie, de 5 a\u00f1os, fue la primera en beneficiarse de esta nueva t\u00e9cnica a comienzos de noviembre. Ella ten\u00eda un agujero interventricular, algo muy delicado de operar con cirug\u00eda cl\u00e1sica. \u00abY, este sistema realmente nos ayud\u00f3\u00bb, subray\u00f3 Acar. <\/p>\n<p>Un var\u00f3n de 6 a\u00f1os fue sometido a la misma operaci\u00f3n. Tambi\u00e9n una ni\u00f1a de 9 a\u00f1os fue operada de este modo para solucionar un problema de comunicaci\u00f3n entre las aur\u00edculas card\u00edacas. <\/p>\n<p>\u00abSolamente se necesitan 72 horas de hospitalizaci\u00f3n y el ni\u00f1o sale sin cicatrices\u00bb, destac\u00f3 el profesor Acar. <\/p>\n","protected":false},"excerpt":{"rendered":"<p>Tres ni\u00f1os fueron\u00a0operados a coraz\u00f3n cerrado con \u00e9xito\u00a0recientemente en\u00a0 Francia <a href=\"https:\/\/sertv.gob.pa\/nacionalfm\/por-primera-vez-en-europa-operan-a-ninos-a-corazon-cerrado\/\"> [&#8230;]<\/a><\/p>\n","protected":false},"author":1,"featured_media":9264,"comment_status":"closed","ping_status":"closed","sticky":false,"template":"","format":"standard","meta":{"footnotes":""},"categories":[5],"tags":[],"class_list":["post-9263","post","type-post","status-publish","format-standard","has-post-thumbnail","hentry","category-salud"],"_links":{"self":[{"href":"https:\/\/sertv.gob.pa\/nacionalfm\/wp-json\/wp\/v2\/posts\/9263","targetHints":{"allow":["GET"]}}],"collection":[{"href":"https:\/\/sertv.gob.pa\/nacionalfm\/wp-json\/wp\/v2\/posts"}],"about":[{"href":"https:\/\/sertv.gob.pa\/nacionalfm\/wp-json\/wp\/v2\/types\/post"}],"author":[{"embeddable":true,"href":"https:\/\/sertv.gob.pa\/nacionalfm\/wp-json\/wp\/v2\/users\/1"}],"replies":[{"embeddable":true,"href":"https:\/\/sertv.gob.pa\/nacionalfm\/wp-json\/wp\/v2\/comments?post=9263"}],"version-history":[{"count":0,"href":"https:\/\/sertv.gob.pa\/nacionalfm\/wp-json\/wp\/v2\/posts\/9263\/revisions"}],"wp:featuredmedia":[{"embeddable":true,"href":"https:\/\/sertv.gob.pa\/nacionalfm\/wp-json\/wp\/v2\/media\/9264"}],"wp:attachment":[{"href":"https:\/\/sertv.gob.pa\/nacionalfm\/wp-json\/wp\/v2\/media?parent=9263"}],"wp:term":[{"taxonomy":"category","embeddable":true,"href":"https:\/\/sertv.gob.pa\/nacionalfm\/wp-json\/wp\/v2\/categories?post=9263"},{"taxonomy":"post_tag","embeddable":true,"href":"https:\/\/sertv.gob.pa\/nacionalfm\/wp-json\/wp\/v2\/tags?post=9263"}],"curies":[{"name":"wp","href":"https:\/\/api.w.org\/{rel}","templated":true}]}}