{"id":92660,"date":"2023-11-27T11:55:39","date_gmt":"2023-11-27T16:55:39","guid":{"rendered":"https:\/\/sertv.gob.pa\/nacionalfm\/?p=92660"},"modified":"2023-11-27T11:55:39","modified_gmt":"2023-11-27T16:55:39","slug":"la-tregua-entre-israel-y-hamas-se-extendera-dos-dias-mas-confirma-el-grupo-islamista","status":"publish","type":"post","link":"https:\/\/sertv.gob.pa\/nacionalfm\/la-tregua-entre-israel-y-hamas-se-extendera-dos-dias-mas-confirma-el-grupo-islamista\/","title":{"rendered":"La tregua entre Israel y Ham\u00e1s se extender\u00e1 dos d\u00edas m\u00e1s, confirma el grupo islamista"},"content":{"rendered":"<p><strong><em>Jerusal\u00e9n, (EFE).-<\/em><\/strong> El grupo islamista Ham\u00e1s anunci\u00f3 este lunes que el acuerdo de tregua e intercambio de rehenes por prisioneros con Israel de cuatro d\u00edas, que comenz\u00f3 el viernes, se extender\u00e1 dos d\u00edas m\u00e1s.<\/p>\n<p>\u201cEl Movimiento de Resistencia Isl\u00e1mica Ham\u00e1s anuncia que se ha acordado con los hermanos de Catar y Egipto prorrogar la tregua humanitaria temporal dos d\u00edas m\u00e1s en las mismas condiciones que la tregua anterior\u201d, inform\u00f3 el grupo en un comunicado difundido a trav\u00e9s de Telegram.<\/p>\n","protected":false},"excerpt":{"rendered":"<p>Jerusal\u00e9n, (EFE).- El grupo islamista Ham\u00e1s anunci\u00f3 este lunes que <a href=\"https:\/\/sertv.gob.pa\/nacionalfm\/la-tregua-entre-israel-y-hamas-se-extendera-dos-dias-mas-confirma-el-grupo-islamista\/\"> [&#8230;]<\/a><\/p>\n","protected":false},"author":9,"featured_media":92661,"comment_status":"closed","ping_status":"closed","sticky":false,"template":"","format":"standard","meta":{"footnotes":""},"categories":[3],"tags":[],"class_list":["post-92660","post","type-post","status-publish","format-standard","has-post-thumbnail","hentry","category-internacionales"],"_links":{"self":[{"href":"https:\/\/sertv.gob.pa\/nacionalfm\/wp-json\/wp\/v2\/posts\/92660","targetHints":{"allow":["GET"]}}],"collection":[{"href":"https:\/\/sertv.gob.pa\/nacionalfm\/wp-json\/wp\/v2\/posts"}],"about":[{"href":"https:\/\/sertv.gob.pa\/nacionalfm\/wp-json\/wp\/v2\/types\/post"}],"author":[{"embeddable":true,"href":"https:\/\/sertv.gob.pa\/nacionalfm\/wp-json\/wp\/v2\/users\/9"}],"replies":[{"embeddable":true,"href":"https:\/\/sertv.gob.pa\/nacionalfm\/wp-json\/wp\/v2\/comments?post=92660"}],"version-history":[{"count":1,"href":"https:\/\/sertv.gob.pa\/nacionalfm\/wp-json\/wp\/v2\/posts\/92660\/revisions"}],"predecessor-version":[{"id":92662,"href":"https:\/\/sertv.gob.pa\/nacionalfm\/wp-json\/wp\/v2\/posts\/92660\/revisions\/92662"}],"wp:featuredmedia":[{"embeddable":true,"href":"https:\/\/sertv.gob.pa\/nacionalfm\/wp-json\/wp\/v2\/media\/92661"}],"wp:attachment":[{"href":"https:\/\/sertv.gob.pa\/nacionalfm\/wp-json\/wp\/v2\/media?parent=92660"}],"wp:term":[{"taxonomy":"category","embeddable":true,"href":"https:\/\/sertv.gob.pa\/nacionalfm\/wp-json\/wp\/v2\/categories?post=92660"},{"taxonomy":"post_tag","embeddable":true,"href":"https:\/\/sertv.gob.pa\/nacionalfm\/wp-json\/wp\/v2\/tags?post=92660"}],"curies":[{"name":"wp","href":"https:\/\/api.w.org\/{rel}","templated":true}]}}