{"id":92712,"date":"2023-11-30T09:13:13","date_gmt":"2023-11-30T14:13:13","guid":{"rendered":"https:\/\/sertv.gob.pa\/nacionalfm\/?p=92712"},"modified":"2023-11-30T09:13:13","modified_gmt":"2023-11-30T14:13:13","slug":"muere-el-ex-secretario-de-estado-estadounidense-henry-kissinger-a-los-cien-anos","status":"publish","type":"post","link":"https:\/\/sertv.gob.pa\/nacionalfm\/muere-el-ex-secretario-de-estado-estadounidense-henry-kissinger-a-los-cien-anos\/","title":{"rendered":"Muere el ex secretario de Estado estadounidense Henry Kissinger a los cien a\u00f1os"},"content":{"rendered":"<p>El ex secretario de Estado estadounidense Henry Kissinger falleci\u00f3 este mi\u00e9rcoles a los 100 a\u00f1os de edad en su hogar en Connecticut.<\/p>\n<p>Su empresa de consultor\u00eda confirm\u00f3 el fallecimiento, aunque no ofreci\u00f3 detalles sobre la causa de la muerte.<\/p>\n<p>\u201cSer\u00e1 enterrado en una ceremonia familiar privada. M\u00e1s tarde, habr\u00e1 una ceremonia conmemorativa en Nueva York\u201d, dijo la firma Kissinger Associates en un comunicado.<\/p>\n<p>Le sobreviven su mujer, Nancy Maginnes Kissinger, dos hijos de su primer matrimonio, y cinco nietos. Sus familiares sugirieron en el comunicado que, en lugar de flores, la gente env\u00ede donaciones al hospital para animales Animal Medical Center, en Nueva York.<\/p>\n<p><strong>Diplom\u00e1tico activo y controvertido<\/strong><\/p>\n<p>El legendario y controvertido diplom\u00e1tico se hab\u00eda mantenido activo hasta el final, a pesar de su avanzada edad. El pasado julio visit\u00f3 China, ya cumplidos los 100 a\u00f1os, para reunirse con el mandatario del pa\u00eds, Xi Jinping, y funcionarios de alto rango.<\/p>\n<p>Tambi\u00e9n ha sido frecuente ver sus opiniones en los medios sobre asuntos de actualidad como la guerra en Ucrania o los riesgos de la inteligencia artificial.<\/p>\n<p>Kissinger naci\u00f3 el 27 de mayo de 1923 en F\u00fcrth (Alemania) en el seno de una familia jud\u00eda que lleg\u00f3 a Nueva York huyendo del nazismo cuando todav\u00eda era un adolescente.<\/p>\n<p>Recibi\u00f3 el premio Nobel de la Paz junto a su hom\u00f3logo vietnamita Le Duc Thuo por sus negociaciones secretas para acabar con la guerra de Vietnam, y normaliz\u00f3 las relaciones diplom\u00e1ticas entre Estados Unidos y China durante la presidencia de Richard Nixon (1969-1974).<\/p>\n<p>Sin embargo, tambi\u00e9n se le recordar\u00e1 por su respaldo a dictaduras como las de Argentina entre 1976 y 1983 y los \u00faltimos a\u00f1os del r\u00e9gimen de Francisco Franco en Espa\u00f1a (terminado con la muerte del l\u00edder en 1975), su papel en la Operaci\u00f3n C\u00f3ndor para reprimir a opositores latinoamericanos de izquierda o su apoyo al golpe de Estado contra Salvador Allende en Chile en 1973.<\/p>\n<p>Es, hasta el momento, la \u00fanica persona en la historia de Estados Unidos que ha ocupado a la vez los cargos de secretario de Estado y asesor de Seguridad Nacional.<\/p>\n","protected":false},"excerpt":{"rendered":"<p>El ex secretario de Estado estadounidense Henry Kissinger falleci\u00f3 este <a href=\"https:\/\/sertv.gob.pa\/nacionalfm\/muere-el-ex-secretario-de-estado-estadounidense-henry-kissinger-a-los-cien-anos\/\"> [&#8230;]<\/a><\/p>\n","protected":false},"author":9,"featured_media":92713,"comment_status":"closed","ping_status":"closed","sticky":false,"template":"","format":"standard","meta":{"footnotes":""},"categories":[3],"tags":[],"class_list":["post-92712","post","type-post","status-publish","format-standard","has-post-thumbnail","hentry","category-internacionales"],"_links":{"self":[{"href":"https:\/\/sertv.gob.pa\/nacionalfm\/wp-json\/wp\/v2\/posts\/92712","targetHints":{"allow":["GET"]}}],"collection":[{"href":"https:\/\/sertv.gob.pa\/nacionalfm\/wp-json\/wp\/v2\/posts"}],"about":[{"href":"https:\/\/sertv.gob.pa\/nacionalfm\/wp-json\/wp\/v2\/types\/post"}],"author":[{"embeddable":true,"href":"https:\/\/sertv.gob.pa\/nacionalfm\/wp-json\/wp\/v2\/users\/9"}],"replies":[{"embeddable":true,"href":"https:\/\/sertv.gob.pa\/nacionalfm\/wp-json\/wp\/v2\/comments?post=92712"}],"version-history":[{"count":1,"href":"https:\/\/sertv.gob.pa\/nacionalfm\/wp-json\/wp\/v2\/posts\/92712\/revisions"}],"predecessor-version":[{"id":92714,"href":"https:\/\/sertv.gob.pa\/nacionalfm\/wp-json\/wp\/v2\/posts\/92712\/revisions\/92714"}],"wp:featuredmedia":[{"embeddable":true,"href":"https:\/\/sertv.gob.pa\/nacionalfm\/wp-json\/wp\/v2\/media\/92713"}],"wp:attachment":[{"href":"https:\/\/sertv.gob.pa\/nacionalfm\/wp-json\/wp\/v2\/media?parent=92712"}],"wp:term":[{"taxonomy":"category","embeddable":true,"href":"https:\/\/sertv.gob.pa\/nacionalfm\/wp-json\/wp\/v2\/categories?post=92712"},{"taxonomy":"post_tag","embeddable":true,"href":"https:\/\/sertv.gob.pa\/nacionalfm\/wp-json\/wp\/v2\/tags?post=92712"}],"curies":[{"name":"wp","href":"https:\/\/api.w.org\/{rel}","templated":true}]}}