{"id":92769,"date":"2023-12-01T13:16:28","date_gmt":"2023-12-01T18:16:28","guid":{"rendered":"https:\/\/sertv.gob.pa\/nacionalfm\/?p=92769"},"modified":"2023-12-01T13:16:28","modified_gmt":"2023-12-01T18:16:28","slug":"israel-ataca-200-objetivos-de-hamas-en-gaza-tras-la-ruptura-de-la-tregua","status":"publish","type":"post","link":"https:\/\/sertv.gob.pa\/nacionalfm\/israel-ataca-200-objetivos-de-hamas-en-gaza-tras-la-ruptura-de-la-tregua\/","title":{"rendered":"Israel ataca 200 objetivos de Ham\u00e1s en Gaza tras la ruptura de la tregua"},"content":{"rendered":"<p><strong><em>Jerusal\u00e9n (EFE).- <\/em><\/strong>El Ej\u00e9rcito israel\u00ed inform\u00f3 de que, tras expirar la tregua a las 7 hora local (5 GMT) y reanudar las hostilidades, ha atacado unos \u201c200 objetivos terroristas\u201d de Ham\u00e1s en la Franja de Gaza, donde los bombardeos mataron a un centenar de personas, seg\u00fan el Ministerio de Sanidad gazat\u00ed.<\/p>\n<p>\u201cTras la violaci\u00f3n de la pausa operativa por parte de Ham\u00e1s, en las \u00faltimas horas fuerzas terrestres, a\u00e9reas y navales atacaron objetivos terroristas en el norte y el sur de la Franja de Gaza, incluidos Jan Yunis y Rafah\u201d, indic\u00f3 un comunicado militar israel\u00ed, que confirma la ampliaci\u00f3n de los combates al sur del enclave en esta nueva fase de la guerra.<\/p>\n<p>El Ej\u00e9rcito detall\u00f3 que ha atacado \u201czonas donde hab\u00eda trampas explosivas, t\u00faneles terroristas, puestos de lanzamiento y centros de mando operativo designados por Ham\u00e1s para su uso en los renovados combates\u201d.<\/p>\n<p>Mientras las alarmas por cohetes lanzados desde la Franja han sonado repetidamente hoy en las comunidades israel\u00edes fronterizas, la mayor\u00eda evacuadas; lanzamientos que han sido reivindicados por diferentes milicias de Gaza, incluidas las Brigadas al Qasam, brazo armado de Ham\u00e1s.<\/p>\n<p>&nbsp;<\/p>\n<p><strong>M\u00e1s de 100 muertos tras la ruptura de la tregua<\/strong><\/p>\n<p>Estas tambi\u00e9n se atribuyeron el lanzamiento de \u201cuna tanda de cohetes\u201d hacia la ciudad de Ashod, a 40 kil\u00f3metros del enclave.<\/p>\n<p>El Ministerio de Sanidad de la Franja de Gaza, controlado por Ham\u00e1s, indic\u00f3 que la \u201cagresi\u00f3n israel\u00ed\u201d desde el fin de la tregua por la ma\u00f1ana ha causado 109 muertos y centenares de heridos.<\/p>\n<p>Mientras Israel prosigue su ofensiva terrestre en el enclave, y extiende sus bombardeos a la zona sur, el portavoz del Ministerio de Sanidad, Ashraf al Qudra, advirti\u00f3 de que \u201cla situaci\u00f3n sanitaria en Gaza, particularmente en el norte, es extremadamente catastr\u00f3fica debido a que los principales hospitales est\u00e1n fuera de servicio\u201d.<\/p>\n<p>\u201cLas capacidades m\u00e9dicas y cl\u00ednicas en la parte norte de Gaza son muy limitadas. Los tres hospitales que quedan son peque\u00f1os y no pueden recibir un gran n\u00famero de heridos\u201d, aclar\u00f3.<\/p>\n<p>Adem\u00e1s de que los hospitales no dan abasto, el director de la UNRWA (Agencia de la ONU para los refugiados palestino), Philippe Lazzarini, advirti\u00f3 hoy de que la poblaci\u00f3n de Gaza \u201cpronto comenzar\u00e1 a morir a causa de enfermedades\u201d y no s\u00f3lo por los bombardeos de Israel.<\/p>\n","protected":false},"excerpt":{"rendered":"<p>Jerusal\u00e9n (EFE).- El Ej\u00e9rcito israel\u00ed inform\u00f3 de que, tras expirar <a href=\"https:\/\/sertv.gob.pa\/nacionalfm\/israel-ataca-200-objetivos-de-hamas-en-gaza-tras-la-ruptura-de-la-tregua\/\"> [&#8230;]<\/a><\/p>\n","protected":false},"author":9,"featured_media":92770,"comment_status":"closed","ping_status":"closed","sticky":false,"template":"","format":"standard","meta":{"footnotes":""},"categories":[3],"tags":[],"class_list":["post-92769","post","type-post","status-publish","format-standard","has-post-thumbnail","hentry","category-internacionales"],"_links":{"self":[{"href":"https:\/\/sertv.gob.pa\/nacionalfm\/wp-json\/wp\/v2\/posts\/92769","targetHints":{"allow":["GET"]}}],"collection":[{"href":"https:\/\/sertv.gob.pa\/nacionalfm\/wp-json\/wp\/v2\/posts"}],"about":[{"href":"https:\/\/sertv.gob.pa\/nacionalfm\/wp-json\/wp\/v2\/types\/post"}],"author":[{"embeddable":true,"href":"https:\/\/sertv.gob.pa\/nacionalfm\/wp-json\/wp\/v2\/users\/9"}],"replies":[{"embeddable":true,"href":"https:\/\/sertv.gob.pa\/nacionalfm\/wp-json\/wp\/v2\/comments?post=92769"}],"version-history":[{"count":1,"href":"https:\/\/sertv.gob.pa\/nacionalfm\/wp-json\/wp\/v2\/posts\/92769\/revisions"}],"predecessor-version":[{"id":92771,"href":"https:\/\/sertv.gob.pa\/nacionalfm\/wp-json\/wp\/v2\/posts\/92769\/revisions\/92771"}],"wp:featuredmedia":[{"embeddable":true,"href":"https:\/\/sertv.gob.pa\/nacionalfm\/wp-json\/wp\/v2\/media\/92770"}],"wp:attachment":[{"href":"https:\/\/sertv.gob.pa\/nacionalfm\/wp-json\/wp\/v2\/media?parent=92769"}],"wp:term":[{"taxonomy":"category","embeddable":true,"href":"https:\/\/sertv.gob.pa\/nacionalfm\/wp-json\/wp\/v2\/categories?post=92769"},{"taxonomy":"post_tag","embeddable":true,"href":"https:\/\/sertv.gob.pa\/nacionalfm\/wp-json\/wp\/v2\/tags?post=92769"}],"curies":[{"name":"wp","href":"https:\/\/api.w.org\/{rel}","templated":true}]}}