{"id":92800,"date":"2024-01-03T12:31:45","date_gmt":"2024-01-03T17:31:45","guid":{"rendered":"https:\/\/sertv.gob.pa\/nacionalfm\/?p=92800"},"modified":"2024-01-03T12:31:45","modified_gmt":"2024-01-03T17:31:45","slug":"israel-acusa-a-hamas-de-usar-a-ninos-para-trasladar-armas-y-evaluar-las-zonas-de-combate","status":"publish","type":"post","link":"https:\/\/sertv.gob.pa\/nacionalfm\/israel-acusa-a-hamas-de-usar-a-ninos-para-trasladar-armas-y-evaluar-las-zonas-de-combate\/","title":{"rendered":"Israel acusa a Ham\u00e1s de usar a ni\u00f1os para trasladar armas y evaluar las zonas de combate"},"content":{"rendered":"<p><strong><em>Jerusal\u00e9n (EFE).- <\/em><\/strong><em>Israel acus\u00f3 este mi\u00e9rcoles al grupo islamista Ham\u00e1s de \u201cadoctrinar\u201d y entrenar militarmente a ni\u00f1os palestinos en la Franja de Gaza, a quienes utiliza para trasladar armas y recaudar informaci\u00f3n, incluso en tiempos de guerra.<\/em><\/p>\n<p><em>El Ej\u00e9rcito de Israel difundi\u00f3 fotos que aparentemente muestran a menores, cuyos rostros fueron difuminados, empu\u00f1ando armas y lanzaderas de proyectiles, as\u00ed como un v\u00eddeo en el que aparecen en un t\u00fanel acompa\u00f1ados de supuestos miembros de la milicia, sin concretar d\u00f3nde y cu\u00e1ndo fueron tomadas esas im\u00e1genes.<\/em><\/p>\n<p><em>\u201cIncluso durante la guerra, la organizaci\u00f3n terrorista Ham\u00e1s utiliza a menores para diversas tareas, como la entrega de mensajes y municiones (\u2026) con el entendimiento de que las Fuerzas de Defensa de Israel no los da\u00f1ar\u00e1n debido al cumplimiento por parte de las tropas israel\u00edes del derecho internacional\u201d, indic\u00f3 un portavoz castrense en un comunicado.<\/em><\/p>\n<p><em>El parte no especifica si los ni\u00f1os han sido utilizados en la actual guerra, que estall\u00f3 el 7 de octubre, o si se refiere a guerras anteriores.<\/em><\/p>\n<p><em>Durante una investigaci\u00f3n a un comandante de Ham\u00e1s del batall\u00f3n de Zeitun, en el sur del enclave palestino, el Ej\u00e9rcito israel\u00ed afirm\u00f3 que hall\u00f3 que los ni\u00f1os son usados para \u201cel traslado de explosivos en bolsas de verduras\u201d o son enviados \u201ca zonas de combate despu\u00e9s de los ataques para evaluar los da\u00f1os e informar de ellos a los terroristas que se esconden en los refugios\u201d.<\/em><\/p>\n<p><strong><em>Menores educados desde corta edad<\/em><\/strong><\/p>\n<p><em>Los menores son educados desde corta edad para que \u201codien a Israel y a los jud\u00edos\u201d en escuelas, movimientos juveniles y campos de entrenamiento militar, afirm\u00f3 el portavoz militar.<\/em><\/p>\n<p><em>\u201cEn tiempos rutinarios, Ham\u00e1s opera campamentos de verano donde los ni\u00f1os aprenden a disparar armas, atravesar t\u00faneles, luchar contra tanques e incluso secuestrar soldados\u201d, que son \u201clas primeras etapas de entrenamiento del ala militar de Ham\u00e1s\u201d, a\u00f1adi\u00f3.<\/em><\/p>\n<p><em>El Ej\u00e9rcito israel\u00ed asegur\u00f3 que sus servicios de inteligencia tienen constancia de un n\u00famero \u201csignificativo\u201d de menores \u201cactivos\u201d dentro de Ham\u00e1s y la Yihad Isl\u00e1mica.<\/em><\/p>\n<p><em>Israel acusa de forma recurrente a Ham\u00e1s de utilizar a civiles, entre ellos ni\u00f1os, como escudos en sus combates contra las tropas israel\u00edes y de usar instalaciones como escuelas y jardines de infancia para ocultar armas y lanzar ataques.<\/em><\/p>\n","protected":false},"excerpt":{"rendered":"<p>Jerusal\u00e9n (EFE).- Israel acus\u00f3 este mi\u00e9rcoles al grupo islamista Ham\u00e1s <a href=\"https:\/\/sertv.gob.pa\/nacionalfm\/israel-acusa-a-hamas-de-usar-a-ninos-para-trasladar-armas-y-evaluar-las-zonas-de-combate\/\"> [&#8230;]<\/a><\/p>\n","protected":false},"author":9,"featured_media":92801,"comment_status":"closed","ping_status":"closed","sticky":false,"template":"","format":"standard","meta":{"footnotes":""},"categories":[3],"tags":[],"class_list":["post-92800","post","type-post","status-publish","format-standard","has-post-thumbnail","hentry","category-internacionales"],"_links":{"self":[{"href":"https:\/\/sertv.gob.pa\/nacionalfm\/wp-json\/wp\/v2\/posts\/92800","targetHints":{"allow":["GET"]}}],"collection":[{"href":"https:\/\/sertv.gob.pa\/nacionalfm\/wp-json\/wp\/v2\/posts"}],"about":[{"href":"https:\/\/sertv.gob.pa\/nacionalfm\/wp-json\/wp\/v2\/types\/post"}],"author":[{"embeddable":true,"href":"https:\/\/sertv.gob.pa\/nacionalfm\/wp-json\/wp\/v2\/users\/9"}],"replies":[{"embeddable":true,"href":"https:\/\/sertv.gob.pa\/nacionalfm\/wp-json\/wp\/v2\/comments?post=92800"}],"version-history":[{"count":1,"href":"https:\/\/sertv.gob.pa\/nacionalfm\/wp-json\/wp\/v2\/posts\/92800\/revisions"}],"predecessor-version":[{"id":92802,"href":"https:\/\/sertv.gob.pa\/nacionalfm\/wp-json\/wp\/v2\/posts\/92800\/revisions\/92802"}],"wp:featuredmedia":[{"embeddable":true,"href":"https:\/\/sertv.gob.pa\/nacionalfm\/wp-json\/wp\/v2\/media\/92801"}],"wp:attachment":[{"href":"https:\/\/sertv.gob.pa\/nacionalfm\/wp-json\/wp\/v2\/media?parent=92800"}],"wp:term":[{"taxonomy":"category","embeddable":true,"href":"https:\/\/sertv.gob.pa\/nacionalfm\/wp-json\/wp\/v2\/categories?post=92800"},{"taxonomy":"post_tag","embeddable":true,"href":"https:\/\/sertv.gob.pa\/nacionalfm\/wp-json\/wp\/v2\/tags?post=92800"}],"curies":[{"name":"wp","href":"https:\/\/api.w.org\/{rel}","templated":true}]}}