{"id":92806,"date":"2024-01-03T13:17:32","date_gmt":"2024-01-03T18:17:32","guid":{"rendered":"https:\/\/sertv.gob.pa\/nacionalfm\/?p=92806"},"modified":"2024-01-03T13:18:12","modified_gmt":"2024-01-03T18:18:12","slug":"92806-2","status":"publish","type":"post","link":"https:\/\/sertv.gob.pa\/nacionalfm\/92806-2\/","title":{"rendered":"Jap\u00f3n pone en marcha la investigaci\u00f3n sobre el choque de dos aviones en Tokio"},"content":{"rendered":"<p><strong><em>Tokio, (EFE).- <\/em><\/strong><em>La investigaci\u00f3n por el choque en pista el martes entre un vuelo comercial y un avi\u00f3n de la Guardia Costera en el que fallecieron cinco personas ha comenzado este mi\u00e9rcoles en Tokio, en un suceso que ha dejado cinco muertos y m\u00e1s de 300 vuelos cancelados.<\/em><\/p>\n<p><em>El Ministerio de Transporte, a trav\u00e9s de su Comisi\u00f3n de Seguridad en el Transporte (JTSB), est\u00e1 investigando el accidente en el aeropuerto tokiota de Haneda, uno de los m\u00e1s transitados del pa\u00eds, despu\u00e9s de que un vuelo comercial de Japan Airlines (JAL) procedente de Sapporo (norte del pa\u00eds) colisionara con el avi\u00f3n de los guardacostas que se encontraba en pista.<\/em><\/p>\n<p><em>Se investigan las causas del accidente<\/em><\/p>\n<p><em>La JTSB, que investiga las causas de los accidentes a\u00e9reos, envi\u00f3 esta ma\u00f1ana a seis especialistas al lugar del suceso con el fin de comenzar las pesquisas, en un caso que se sospecha pudo tratarse de negligencia profesional.<\/em><\/p>\n<p><em>A su vez, Airbus, fabricante del avi\u00f3n comercial, ha anunciado tambi\u00e9n el env\u00edo de un equipo de especialistas para proveer asistencia t\u00e9cnica en las investigaciones.<\/em><\/p>\n<p><em><a href=\"http:\/\/efe.com\/mundo\/2024-01-02\/se-incendia-avion-aeropuerto-haneda-tokio\/\" target=\"_blank\" rel=\"noopener\">Confirman cinco muertos tras el choque de dos aviones en Tokio<\/a><\/em><\/p>\n<p><em>C\u00f3mo se produjo el accidente<\/em><\/p>\n<p><em>El accidente se produjo poco despu\u00e9s de que el avi\u00f3n de JAL, un Airbus A350, aterrizara a las 17.47 hora local (9.47 GMT) en Haneda y chocara con la nave la Guardia Costera, lo que hizo que ambos se incendiaran.<\/em><\/p>\n<p><em>Seg\u00fan detall\u00f3 la cadena estatal japonesa NHK, el controlador a\u00e9reo habr\u00eda dado instrucciones al avi\u00f3n de la Guardia Costera de Jap\u00f3n para que se dirigiera a un punto antes de ingresar a la pista, mientras que otros informes apuntan a que el capit\u00e1n de esta nave hab\u00eda recibido permiso para despegar.<\/em><\/p>\n<p><em>El avi\u00f3n de JAL tambi\u00e9n hab\u00eda recibido el permiso para entrar a la pista, seg\u00fan dijo la compa\u00f1\u00eda.<\/em><\/p>\n<p><em>Evacuaci\u00f3n de los pasajeros del vuelo comercial<\/em><\/p>\n<p><em>Los 379 ocupantes del vuelo comercial lograron ser evacuados, aunque 14 de ellos resultaron heridos, mientras que de los seis ocupantes del avi\u00f3n de los guardacostas, solo el capit\u00e1n, que sali\u00f3 gravemente herido, logr\u00f3 salvar la vida.<\/em><\/p>\n<p><em>La aeronave de la Guardia Costera se dispon\u00eda a transportar comida y agua para los afectados por el fuerte terremoto que golpe\u00f3 la costa occidental del centro de Jap\u00f3n el lunes.<\/em><\/p>\n","protected":false},"excerpt":{"rendered":"<p>Tokio, (EFE).- La investigaci\u00f3n por el choque en pista el <a href=\"https:\/\/sertv.gob.pa\/nacionalfm\/92806-2\/\"> [&#8230;]<\/a><\/p>\n","protected":false},"author":9,"featured_media":92807,"comment_status":"closed","ping_status":"closed","sticky":false,"template":"","format":"standard","meta":{"footnotes":""},"categories":[3],"tags":[],"class_list":["post-92806","post","type-post","status-publish","format-standard","has-post-thumbnail","hentry","category-internacionales"],"_links":{"self":[{"href":"https:\/\/sertv.gob.pa\/nacionalfm\/wp-json\/wp\/v2\/posts\/92806","targetHints":{"allow":["GET"]}}],"collection":[{"href":"https:\/\/sertv.gob.pa\/nacionalfm\/wp-json\/wp\/v2\/posts"}],"about":[{"href":"https:\/\/sertv.gob.pa\/nacionalfm\/wp-json\/wp\/v2\/types\/post"}],"author":[{"embeddable":true,"href":"https:\/\/sertv.gob.pa\/nacionalfm\/wp-json\/wp\/v2\/users\/9"}],"replies":[{"embeddable":true,"href":"https:\/\/sertv.gob.pa\/nacionalfm\/wp-json\/wp\/v2\/comments?post=92806"}],"version-history":[{"count":2,"href":"https:\/\/sertv.gob.pa\/nacionalfm\/wp-json\/wp\/v2\/posts\/92806\/revisions"}],"predecessor-version":[{"id":92809,"href":"https:\/\/sertv.gob.pa\/nacionalfm\/wp-json\/wp\/v2\/posts\/92806\/revisions\/92809"}],"wp:featuredmedia":[{"embeddable":true,"href":"https:\/\/sertv.gob.pa\/nacionalfm\/wp-json\/wp\/v2\/media\/92807"}],"wp:attachment":[{"href":"https:\/\/sertv.gob.pa\/nacionalfm\/wp-json\/wp\/v2\/media?parent=92806"}],"wp:term":[{"taxonomy":"category","embeddable":true,"href":"https:\/\/sertv.gob.pa\/nacionalfm\/wp-json\/wp\/v2\/categories?post=92806"},{"taxonomy":"post_tag","embeddable":true,"href":"https:\/\/sertv.gob.pa\/nacionalfm\/wp-json\/wp\/v2\/tags?post=92806"}],"curies":[{"name":"wp","href":"https:\/\/api.w.org\/{rel}","templated":true}]}}