{"id":9283,"date":"2015-12-10T16:28:50","date_gmt":"2015-12-10T16:28:50","guid":{"rendered":""},"modified":"2015-12-10T16:28:50","modified_gmt":"2015-12-10T16:28:50","slug":"mexico-aprueba-primera-vacuna-contra-el-dengue","status":"publish","type":"post","link":"https:\/\/sertv.gob.pa\/nacionalfm\/mexico-aprueba-primera-vacuna-contra-el-dengue\/","title":{"rendered":"M\u00e9xico aprueba primera vacuna contra el dengue"},"content":{"rendered":"<p>\nLas autoridades sanitarias de M\u00e9xico autorizaron hoy la primera vacuna contra el  dengue \u00a0del mundo,  luego de acreditar su calidad, seguridad y eficacia terap\u00e9utica en un protocolo global  en el que participaron m\u00e1s de 40 mil pacientes. <\/p>\n<p>La Secretar\u00eda de Salud se\u00f1al\u00f3 en un comunicado que la vacuna  fue aprobada tras un proceso de an\u00e1lisis de m\u00e1s de dos a\u00f1os  que contempl\u00f3 un intercambio de informaci\u00f3n con los principales expertos en la materia a nivel nacional e internacional. <\/p>\n<p>La vacuna, desarrollada por  Sanofi Pasteur  y cuya aprobaci\u00f3n por parte de la Comisi\u00f3n Federal para la Protecci\u00f3n contra Riesgos Sanitarios (Cofepris) pone a M\u00e9xico \u00aba la vanguardia regulatoria\u00bb, est\u00e1 indicada para personas de entre 9 y 45 a\u00f1os que viven en zonas donde el dengue es end\u00e9mico. <\/p>\n<p>De acuerdo con la  Organizaci\u00f3n Mundial de la Salud (OMS) , cerca del 40% de la poblaci\u00f3n mundial est\u00e1 en peligro de contraer dengue, lo cual equivale a 3.900 millones de personas. <\/p>\n<p>\u00a0 <\/p>\n<p>\u00a0 <\/p>\n","protected":false},"excerpt":{"rendered":"<p>Las autoridades sanitarias de M\u00e9xico autorizaron hoy la primera vacuna <a href=\"https:\/\/sertv.gob.pa\/nacionalfm\/mexico-aprueba-primera-vacuna-contra-el-dengue\/\"> [&#8230;]<\/a><\/p>\n","protected":false},"author":1,"featured_media":9284,"comment_status":"closed","ping_status":"closed","sticky":false,"template":"","format":"standard","meta":{"footnotes":""},"categories":[5],"tags":[],"class_list":["post-9283","post","type-post","status-publish","format-standard","has-post-thumbnail","hentry","category-salud"],"_links":{"self":[{"href":"https:\/\/sertv.gob.pa\/nacionalfm\/wp-json\/wp\/v2\/posts\/9283","targetHints":{"allow":["GET"]}}],"collection":[{"href":"https:\/\/sertv.gob.pa\/nacionalfm\/wp-json\/wp\/v2\/posts"}],"about":[{"href":"https:\/\/sertv.gob.pa\/nacionalfm\/wp-json\/wp\/v2\/types\/post"}],"author":[{"embeddable":true,"href":"https:\/\/sertv.gob.pa\/nacionalfm\/wp-json\/wp\/v2\/users\/1"}],"replies":[{"embeddable":true,"href":"https:\/\/sertv.gob.pa\/nacionalfm\/wp-json\/wp\/v2\/comments?post=9283"}],"version-history":[{"count":0,"href":"https:\/\/sertv.gob.pa\/nacionalfm\/wp-json\/wp\/v2\/posts\/9283\/revisions"}],"wp:featuredmedia":[{"embeddable":true,"href":"https:\/\/sertv.gob.pa\/nacionalfm\/wp-json\/wp\/v2\/media\/9284"}],"wp:attachment":[{"href":"https:\/\/sertv.gob.pa\/nacionalfm\/wp-json\/wp\/v2\/media?parent=9283"}],"wp:term":[{"taxonomy":"category","embeddable":true,"href":"https:\/\/sertv.gob.pa\/nacionalfm\/wp-json\/wp\/v2\/categories?post=9283"},{"taxonomy":"post_tag","embeddable":true,"href":"https:\/\/sertv.gob.pa\/nacionalfm\/wp-json\/wp\/v2\/tags?post=9283"}],"curies":[{"name":"wp","href":"https:\/\/api.w.org\/{rel}","templated":true}]}}