{"id":92838,"date":"2024-01-04T13:58:55","date_gmt":"2024-01-04T18:58:55","guid":{"rendered":"https:\/\/sertv.gob.pa\/nacionalfm\/?p=92838"},"modified":"2024-01-04T13:58:55","modified_gmt":"2024-01-04T18:58:55","slug":"policia-confirma-multiples-victimas-de-bala-en-un-tiroteo-en-un-instituto-de-iowa","status":"publish","type":"post","link":"https:\/\/sertv.gob.pa\/nacionalfm\/policia-confirma-multiples-victimas-de-bala-en-un-tiroteo-en-un-instituto-de-iowa\/","title":{"rendered":"Polic\u00eda confirma \u201cm\u00faltiples v\u00edctimas de bala\u201d en un tiroteo en un instituto de Iowa"},"content":{"rendered":"<p><strong><em>Washington, (EFE).- <\/em><\/strong><em>La polic\u00eda confirm\u00f3 que se registraron \u201cm\u00faltiples v\u00edctimas de bala\u201d en un tiroteo ocurrido este jueves en una escuela secundaria en el estado de Iowa (EE.UU.), pero no especific\u00f3 si hay fallecidos ni el estado de los heridos.<\/em><\/p>\n<p><em>La polic\u00eda recibi\u00f3 las primeras llamadas alertando sobre el tiroteo a las 07.37 hora local (13.47 GMT), seg\u00fan inform\u00f3 en una rueda de prensa Adam Infante, el sheriff del condado de Dallas, que incluye la localidad de Perry, donde ocurri\u00f3 el incidente.<\/em><\/p>\n<p><em>Siete minutos despu\u00e9s de recibir la alerta, los primeros agentes llegaron al instituto y se encontraron con \u201cm\u00faltiples heridos de bala\u201d, seg\u00fan el sheriff.<\/em><\/p>\n<p><em>Las autoridades est\u00e1n a\u00fan determinando el n\u00famero de personas afectadas y su condici\u00f3n, as\u00ed como la posible presencia de fallecidos entre las v\u00edctimas.<\/em><\/p>\n<p><em>El tiroteo fue antes de clases<\/em><\/p>\n<p><em>El tiroteo ocurri\u00f3 antes del inicio de las clases, por lo que hab\u00eda pocos alumnos y profesores en el edificio.<\/em><\/p>\n<p><em>\u201cAfortunadamente, hab\u00eda muy pocos estudiantes y personal en el edificio, lo cual creo que contribuy\u00f3 a un resultado positivo en ese sentido\u201d, dijo el sheriff en su rueda de prensa.<\/em><\/p>\n<p><em>Seg\u00fan detall\u00f3, el sospechoso del atentado ha sido identificado pero, por ahora, las autoridades se han negado a proporcionar informaci\u00f3n sobre su identidad o su estado.<\/em><\/p>\n<p><em>\u201cNo hay peligro adicional para el p\u00fablico. La comunidad est\u00e1 segura\u201d, subray\u00f3 Infante.<\/em><\/p>\n<p><em>El autor muri\u00f3<\/em><\/p>\n<p><em>Seg\u00fan fuentes de seguridad citadas por las cadenas NBC y CNN, el autor del tiroteo ha muerto por una herida de bala que se caus\u00f3 a s\u00ed mismo. De acuerdo a NBC, podr\u00eda tratarse de un estudiante del instituto.<\/em><\/p>\n<p><em>Aunque no hay informaci\u00f3n oficial sobre las v\u00edctimas, NBC afirm\u00f3 que hay tres personas heridas, incluyendo a dos estudiantes y a un trabajador del instituto. Una de esas personas podr\u00eda estar herida de gravedad, seg\u00fan NBC.<\/em><\/p>\n<p><em>El tiroteo se produjo en la escuela secundaria Perry, a unos 40 kil\u00f3metros de Des Moines, la capital de Iowa.<\/em><\/p>\n<p><em>Alrededor del instituto hay una fuerte presencia policial y varias calles est\u00e1n cortadas, seg\u00fan muestran las cadenas de televisi\u00f3n estadounidenses.<\/em><\/p>\n<p><em>A dos semanas de las primarias en Iowa<\/em><\/p>\n<p><em>El tiroteo ha tenido lugar a tan solo dos semanas de que el Partido Republicano inicie su proceso de primarias en Iowa para elegir a su candidato para las elecciones de noviembre, en las que el expresidente Donald Trump (2017-2021) parte como favorito.<\/em><\/p>\n<p><em>Uno de los rivales de Trump, Vivek Ramaswamy, ten\u00eda previsto celebrar un evento de campa\u00f1a en esa localidad este mismo jueves. \u201cEstamos esta ma\u00f1ana rezando por la comunidad de Perry, en Iowa\u201d, dijo en un mensaje en X (antes Twitter).<\/em><\/p>\n<p><em>Por su parte, el presidente de Estados Unidos, Joe Biden, ya ha sido informado del tiroteo, seg\u00fan un alto funcionario, quien a\u00f1adi\u00f3 que el personal de la Casa Blanca est\u00e1 en contacto con la oficina de la gobernadora de Iowa.<\/em><\/p>\n<p><strong><em>\u00a0<\/em><\/strong><\/p>\n","protected":false},"excerpt":{"rendered":"<p>Washington, (EFE).- La polic\u00eda confirm\u00f3 que se registraron \u201cm\u00faltiples v\u00edctimas <a href=\"https:\/\/sertv.gob.pa\/nacionalfm\/policia-confirma-multiples-victimas-de-bala-en-un-tiroteo-en-un-instituto-de-iowa\/\"> [&#8230;]<\/a><\/p>\n","protected":false},"author":9,"featured_media":92839,"comment_status":"closed","ping_status":"closed","sticky":false,"template":"","format":"standard","meta":{"footnotes":""},"categories":[3],"tags":[],"class_list":["post-92838","post","type-post","status-publish","format-standard","has-post-thumbnail","hentry","category-internacionales"],"_links":{"self":[{"href":"https:\/\/sertv.gob.pa\/nacionalfm\/wp-json\/wp\/v2\/posts\/92838","targetHints":{"allow":["GET"]}}],"collection":[{"href":"https:\/\/sertv.gob.pa\/nacionalfm\/wp-json\/wp\/v2\/posts"}],"about":[{"href":"https:\/\/sertv.gob.pa\/nacionalfm\/wp-json\/wp\/v2\/types\/post"}],"author":[{"embeddable":true,"href":"https:\/\/sertv.gob.pa\/nacionalfm\/wp-json\/wp\/v2\/users\/9"}],"replies":[{"embeddable":true,"href":"https:\/\/sertv.gob.pa\/nacionalfm\/wp-json\/wp\/v2\/comments?post=92838"}],"version-history":[{"count":1,"href":"https:\/\/sertv.gob.pa\/nacionalfm\/wp-json\/wp\/v2\/posts\/92838\/revisions"}],"predecessor-version":[{"id":92840,"href":"https:\/\/sertv.gob.pa\/nacionalfm\/wp-json\/wp\/v2\/posts\/92838\/revisions\/92840"}],"wp:featuredmedia":[{"embeddable":true,"href":"https:\/\/sertv.gob.pa\/nacionalfm\/wp-json\/wp\/v2\/media\/92839"}],"wp:attachment":[{"href":"https:\/\/sertv.gob.pa\/nacionalfm\/wp-json\/wp\/v2\/media?parent=92838"}],"wp:term":[{"taxonomy":"category","embeddable":true,"href":"https:\/\/sertv.gob.pa\/nacionalfm\/wp-json\/wp\/v2\/categories?post=92838"},{"taxonomy":"post_tag","embeddable":true,"href":"https:\/\/sertv.gob.pa\/nacionalfm\/wp-json\/wp\/v2\/tags?post=92838"}],"curies":[{"name":"wp","href":"https:\/\/api.w.org\/{rel}","templated":true}]}}