{"id":92841,"date":"2024-01-04T14:14:48","date_gmt":"2024-01-04T19:14:48","guid":{"rendered":"https:\/\/sertv.gob.pa\/nacionalfm\/?p=92841"},"modified":"2024-01-04T14:14:48","modified_gmt":"2024-01-04T19:14:48","slug":"los-medicos-de-familia-piden-volver-a-la-mascarilla-obligatoria-en-los-centros-de-salud","status":"publish","type":"post","link":"https:\/\/sertv.gob.pa\/nacionalfm\/los-medicos-de-familia-piden-volver-a-la-mascarilla-obligatoria-en-los-centros-de-salud\/","title":{"rendered":"Los m\u00e9dicos de familia piden volver a la mascarilla obligatoria en los centros de salud"},"content":{"rendered":"<p><strong><em>Madrid (EFE).- <\/em><\/strong><em>La Sociedad Espa\u00f1ola de Medicina de Familia y Comunitaria (semFYC) ha propuesto este jueves recuperar el uso de la mascarilla obligatoria en los centros de Atenci\u00f3n Primaria con el fin de reducir los contagios de gripe, covid y otras enfermedades respiratorias.<\/em><\/p>\n<p><em>En una nota de prensa, la semFYC ha abogado por endurecer las medidas de protecci\u00f3n para evitar la transmisi\u00f3n de virus de infecci\u00f3n respiratoria a personas con patolog\u00edas m\u00faltiples y enfermos cr\u00f3nicos, y se ha decantado por establecer nuevamente espacios de separaci\u00f3n en los centros de salud, dispensaci\u00f3n de geles hidroalcoh\u00f3licos y medidas de ventilaci\u00f3n para las salas de espera.<\/em><\/p>\n<p><em>Adem\u00e1s, han pedido a las autoridades sanitarias la concienciaci\u00f3n de la poblaci\u00f3n sobre un uso adecuado de los servicios asistenciales y no acudir a ellos si no se precisa atenci\u00f3n m\u00e9dica para evitar la saturaci\u00f3n de los centros ante\u00a0<a href=\"https:\/\/efe.com\/espana\/2024-01-04\/gripe-urgencias-hospitales\/\" target=\"_blank\" rel=\"noopener\">el nuevo repunte<\/a>, que cifra la incidencia (en la semana del 18 al 24 de diciembre) en 908 casos por 100.000 habitantes.<\/em><\/p>\n<p><strong><em>Riesgo de que suban los casos despu\u00e9s de Reyes<\/em><\/strong><\/p>\n<p><em>Si bien se ha detectado un repunte de casos de Covid, gripe A y Virus Respiratorio Sincitial (VRS), la semFYC ha precisado que la coinfecci\u00f3n es muy escasa.<\/em><\/p>\n<p><em>No obstante, los m\u00e9dicos de familia han advertido, de nuevo, de un posible recrudecimiento de la situaci\u00f3n tras la celebraci\u00f3n de la fiesta de Reyes y con la vuelta a las clases si bien han recordado que los datos actuales eran previsibles y son similares a la \u00e9poca anterior a la pandemia.<\/em><\/p>\n<p><em>A fin de colaborar en estas medidas preventivas, la semFYC repartir\u00e1 una gu\u00eda de comportamiento para las personas con una afecci\u00f3n v\u00edrica, a las que recomienda reposo y evitar la interacci\u00f3n social.<\/em><\/p>\n<p><em>Tambi\u00e9n les insta a acudir al m\u00e9dico de familia solo si se trata de poblaci\u00f3n de riesgo o si la evoluci\u00f3n es desfavorable en cuanto a la capacidad respiratoria y fiebre.<\/em><\/p>\n","protected":false},"excerpt":{"rendered":"<p>Madrid (EFE).- La Sociedad Espa\u00f1ola de Medicina de Familia y <a href=\"https:\/\/sertv.gob.pa\/nacionalfm\/los-medicos-de-familia-piden-volver-a-la-mascarilla-obligatoria-en-los-centros-de-salud\/\"> [&#8230;]<\/a><\/p>\n","protected":false},"author":9,"featured_media":92842,"comment_status":"closed","ping_status":"closed","sticky":false,"template":"","format":"standard","meta":{"footnotes":""},"categories":[3],"tags":[],"class_list":["post-92841","post","type-post","status-publish","format-standard","has-post-thumbnail","hentry","category-internacionales"],"_links":{"self":[{"href":"https:\/\/sertv.gob.pa\/nacionalfm\/wp-json\/wp\/v2\/posts\/92841","targetHints":{"allow":["GET"]}}],"collection":[{"href":"https:\/\/sertv.gob.pa\/nacionalfm\/wp-json\/wp\/v2\/posts"}],"about":[{"href":"https:\/\/sertv.gob.pa\/nacionalfm\/wp-json\/wp\/v2\/types\/post"}],"author":[{"embeddable":true,"href":"https:\/\/sertv.gob.pa\/nacionalfm\/wp-json\/wp\/v2\/users\/9"}],"replies":[{"embeddable":true,"href":"https:\/\/sertv.gob.pa\/nacionalfm\/wp-json\/wp\/v2\/comments?post=92841"}],"version-history":[{"count":1,"href":"https:\/\/sertv.gob.pa\/nacionalfm\/wp-json\/wp\/v2\/posts\/92841\/revisions"}],"predecessor-version":[{"id":92843,"href":"https:\/\/sertv.gob.pa\/nacionalfm\/wp-json\/wp\/v2\/posts\/92841\/revisions\/92843"}],"wp:featuredmedia":[{"embeddable":true,"href":"https:\/\/sertv.gob.pa\/nacionalfm\/wp-json\/wp\/v2\/media\/92842"}],"wp:attachment":[{"href":"https:\/\/sertv.gob.pa\/nacionalfm\/wp-json\/wp\/v2\/media?parent=92841"}],"wp:term":[{"taxonomy":"category","embeddable":true,"href":"https:\/\/sertv.gob.pa\/nacionalfm\/wp-json\/wp\/v2\/categories?post=92841"},{"taxonomy":"post_tag","embeddable":true,"href":"https:\/\/sertv.gob.pa\/nacionalfm\/wp-json\/wp\/v2\/tags?post=92841"}],"curies":[{"name":"wp","href":"https:\/\/api.w.org\/{rel}","templated":true}]}}