{"id":92867,"date":"2024-01-05T12:48:09","date_gmt":"2024-01-05T17:48:09","guid":{"rendered":"https:\/\/sertv.gob.pa\/nacionalfm\/?p=92867"},"modified":"2024-01-05T12:48:09","modified_gmt":"2024-01-05T17:48:09","slug":"el-terremoto-de-japon-deja-94-muertos-y-242-desaparecidos","status":"publish","type":"post","link":"https:\/\/sertv.gob.pa\/nacionalfm\/el-terremoto-de-japon-deja-94-muertos-y-242-desaparecidos\/","title":{"rendered":"El terremoto de Jap\u00f3n deja 94 muertos y 242 desaparecidos"},"content":{"rendered":"<p><strong><em>Tokio (EFE).- <\/em><\/strong><em>Las autoridades locales de la prefectura japonesa de Ishikawa, la m\u00e1s afectada por el se\u00edsmo de magnitud 7,6 de este lunes, elevaron hoy la cifra de muertos a 94 y de desparecidos a 242, con pocas esperanzas de encontrar a m\u00e1s supervivientes.<\/em><\/p>\n<p><em>Las localidades con m\u00e1s desaparecidos son dos de las m\u00e1s golpeadas por el temblor; Wajima, y Suzu, donde se ha confirmado que numerosas viviendas han quedado colapsadas y prosiguen las tareas de rescate a pesar de que ya ha pasado el l\u00edmite de 72 horas tras el cual es muy dif\u00edcil encontrar supervivientes.<\/em><\/p>\n<p><em>La Guardia Costera japonesa se encuentra tambi\u00e9n buscando desde el jueves con un avi\u00f3n y una lancha a personas que pudieron ser arrastradas por el tsunami -se registraron subidas de la marea de hasta 1,2 metros- provocado por el terremoto que golpe\u00f3 el centro de Jap\u00f3n a principio de semana, tras recibir un informe de testigos.<\/em><\/p>\n<p><em>Los expertos han alertado adem\u00e1s de r\u00e9plicas durante toda esta semana y la siguiente que podr\u00edan ser de gran intensidad, adem\u00e1s de las lluvias que est\u00e1n azotando la zona y que podr\u00edan provocar deslizamientos de tierra y dificultar tambi\u00e9n las tareas de rescate.<\/em><\/p>\n","protected":false},"excerpt":{"rendered":"<p>Tokio (EFE).- Las autoridades locales de la prefectura japonesa de <a href=\"https:\/\/sertv.gob.pa\/nacionalfm\/el-terremoto-de-japon-deja-94-muertos-y-242-desaparecidos\/\"> [&#8230;]<\/a><\/p>\n","protected":false},"author":9,"featured_media":92868,"comment_status":"closed","ping_status":"closed","sticky":false,"template":"","format":"standard","meta":{"footnotes":""},"categories":[3],"tags":[],"class_list":["post-92867","post","type-post","status-publish","format-standard","has-post-thumbnail","hentry","category-internacionales"],"_links":{"self":[{"href":"https:\/\/sertv.gob.pa\/nacionalfm\/wp-json\/wp\/v2\/posts\/92867","targetHints":{"allow":["GET"]}}],"collection":[{"href":"https:\/\/sertv.gob.pa\/nacionalfm\/wp-json\/wp\/v2\/posts"}],"about":[{"href":"https:\/\/sertv.gob.pa\/nacionalfm\/wp-json\/wp\/v2\/types\/post"}],"author":[{"embeddable":true,"href":"https:\/\/sertv.gob.pa\/nacionalfm\/wp-json\/wp\/v2\/users\/9"}],"replies":[{"embeddable":true,"href":"https:\/\/sertv.gob.pa\/nacionalfm\/wp-json\/wp\/v2\/comments?post=92867"}],"version-history":[{"count":1,"href":"https:\/\/sertv.gob.pa\/nacionalfm\/wp-json\/wp\/v2\/posts\/92867\/revisions"}],"predecessor-version":[{"id":92869,"href":"https:\/\/sertv.gob.pa\/nacionalfm\/wp-json\/wp\/v2\/posts\/92867\/revisions\/92869"}],"wp:featuredmedia":[{"embeddable":true,"href":"https:\/\/sertv.gob.pa\/nacionalfm\/wp-json\/wp\/v2\/media\/92868"}],"wp:attachment":[{"href":"https:\/\/sertv.gob.pa\/nacionalfm\/wp-json\/wp\/v2\/media?parent=92867"}],"wp:term":[{"taxonomy":"category","embeddable":true,"href":"https:\/\/sertv.gob.pa\/nacionalfm\/wp-json\/wp\/v2\/categories?post=92867"},{"taxonomy":"post_tag","embeddable":true,"href":"https:\/\/sertv.gob.pa\/nacionalfm\/wp-json\/wp\/v2\/tags?post=92867"}],"curies":[{"name":"wp","href":"https:\/\/api.w.org\/{rel}","templated":true}]}}