{"id":92913,"date":"2024-01-08T13:54:18","date_gmt":"2024-01-08T18:54:18","guid":{"rendered":"https:\/\/sertv.gob.pa\/nacionalfm\/?p=92913"},"modified":"2024-01-08T13:54:18","modified_gmt":"2024-01-08T18:54:18","slug":"al-menos-300-desparecidos-una-semana-despues-del-terremoto-en-japon-que-causo-cerca-de-170-muertos","status":"publish","type":"post","link":"https:\/\/sertv.gob.pa\/nacionalfm\/al-menos-300-desparecidos-una-semana-despues-del-terremoto-en-japon-que-causo-cerca-de-170-muertos\/","title":{"rendered":"Al menos 300 desparecidos una semana despu\u00e9s del terremoto en Jap\u00f3n que caus\u00f3 cerca de 170 muertos"},"content":{"rendered":"<p><strong><em>Tokio (EFE).-<\/em><\/strong> Este lunes se cumple una semana del devastador terremoto del centro de Jap\u00f3n, que ha dejado al menos 168 muertos y m\u00e1s de 300 de desaparecidos, mientras las tareas de b\u00fasqueda de v\u00edctimas y asistencia a los damnificados contin\u00faan dificultadas por la nieve y los da\u00f1os en carreteras.<\/p>\n<p>Las autoridades locales ofrecieron hoy el \u00faltimo dato de fallecimientos confirmados por el terremoto de magnitud 7,6 que golpe\u00f3 la prefectura de Ishikawa, y anunciaron que otras 323 personas contin\u00faan en paradero desconocido a ra\u00edz del desastre.<\/p>\n<p>La mayor\u00eda de los muertos se produjeron en las localidades de Wajima y Suzu, donde tambi\u00e9n se concentran las tareas de b\u00fasqueda y rescate, mientras que m\u00e1s de 500 personas resultaron heridas de diversa consideraci\u00f3n en\u00a0<a href=\"https:\/\/efe.com\/mundo\/2024-01-06\/sismo-de-53-vuelve-a-sacudir-el-centro-de-japon\/\" target=\"_blank\" rel=\"noopener\"><strong>el terremoto m\u00e1s devastador de Jap\u00f3n<\/strong><\/a>\u00a0durante la \u00faltima d\u00e9cada.<\/p>\n<p>&nbsp;<\/p>\n","protected":false},"excerpt":{"rendered":"<p>Tokio (EFE).- Este lunes se cumple una semana del devastador <a href=\"https:\/\/sertv.gob.pa\/nacionalfm\/al-menos-300-desparecidos-una-semana-despues-del-terremoto-en-japon-que-causo-cerca-de-170-muertos\/\"> [&#8230;]<\/a><\/p>\n","protected":false},"author":9,"featured_media":92914,"comment_status":"closed","ping_status":"closed","sticky":false,"template":"","format":"standard","meta":{"footnotes":""},"categories":[3],"tags":[],"class_list":["post-92913","post","type-post","status-publish","format-standard","has-post-thumbnail","hentry","category-internacionales"],"_links":{"self":[{"href":"https:\/\/sertv.gob.pa\/nacionalfm\/wp-json\/wp\/v2\/posts\/92913","targetHints":{"allow":["GET"]}}],"collection":[{"href":"https:\/\/sertv.gob.pa\/nacionalfm\/wp-json\/wp\/v2\/posts"}],"about":[{"href":"https:\/\/sertv.gob.pa\/nacionalfm\/wp-json\/wp\/v2\/types\/post"}],"author":[{"embeddable":true,"href":"https:\/\/sertv.gob.pa\/nacionalfm\/wp-json\/wp\/v2\/users\/9"}],"replies":[{"embeddable":true,"href":"https:\/\/sertv.gob.pa\/nacionalfm\/wp-json\/wp\/v2\/comments?post=92913"}],"version-history":[{"count":1,"href":"https:\/\/sertv.gob.pa\/nacionalfm\/wp-json\/wp\/v2\/posts\/92913\/revisions"}],"predecessor-version":[{"id":92915,"href":"https:\/\/sertv.gob.pa\/nacionalfm\/wp-json\/wp\/v2\/posts\/92913\/revisions\/92915"}],"wp:featuredmedia":[{"embeddable":true,"href":"https:\/\/sertv.gob.pa\/nacionalfm\/wp-json\/wp\/v2\/media\/92914"}],"wp:attachment":[{"href":"https:\/\/sertv.gob.pa\/nacionalfm\/wp-json\/wp\/v2\/media?parent=92913"}],"wp:term":[{"taxonomy":"category","embeddable":true,"href":"https:\/\/sertv.gob.pa\/nacionalfm\/wp-json\/wp\/v2\/categories?post=92913"},{"taxonomy":"post_tag","embeddable":true,"href":"https:\/\/sertv.gob.pa\/nacionalfm\/wp-json\/wp\/v2\/tags?post=92913"}],"curies":[{"name":"wp","href":"https:\/\/api.w.org\/{rel}","templated":true}]}}