{"id":92916,"date":"2024-01-08T14:14:41","date_gmt":"2024-01-08T19:14:41","guid":{"rendered":"https:\/\/sertv.gob.pa\/nacionalfm\/?p=92916"},"modified":"2024-01-08T14:14:41","modified_gmt":"2024-01-08T19:14:41","slug":"fallece-el-exfutbolista-aleman-franz-beckenbauer-a-los-78-anos-de-edad","status":"publish","type":"post","link":"https:\/\/sertv.gob.pa\/nacionalfm\/fallece-el-exfutbolista-aleman-franz-beckenbauer-a-los-78-anos-de-edad\/","title":{"rendered":"Fallece el exfutbolista alem\u00e1n Franz Beckenbauer a los 78 a\u00f1os de edad"},"content":{"rendered":"<p><strong>Berl\u00edn (EFE).- <\/strong>El exjugador y exentrenador alem\u00e1n Franz Beckenbauer muri\u00f3 este domingo a los 78 a\u00f1os de edad, inform\u00f3 su familia este lunes.<\/p>\n<p>Beckenbauer, \u2018El Kaiser\u2019, considerado la m\u00e1xima leyenda del f\u00fatbol alem\u00e1n, fue campe\u00f3n del mundo como jugador en 1974 y como seleccionador en 1990, gan\u00f3 tres veces la antigua Copa de Europa con el Bayern M\u00fanich y una Eurocopa con Alemania.<\/p>\n<p>En los \u00faltimos a\u00f1os hab\u00eda estado retirado de la vida p\u00fablica por problemas de salud y tambi\u00e9n por el esc\u00e1ndalo desatado por presuntas irregularidades en su trabajo para conseguir para Alemania la sede del Mundial 2006.<\/p>\n<p>\u201cCon profundo dolor comunicamos que nuestro padre y mi marido, Franz Beckenbauer, muri\u00f3 el domingo, tranquilamente en el entorno de su familia. Pedimos poder llevar el duelo en paz y omitir toda pregunta\u201d, inform\u00f3 su familia.<\/p>\n<p><strong>El documental sobre su vida<\/strong><\/p>\n<p>Precisamente este lunes, la Primera Cadena de la Televisi\u00f3n Alemana (ARD) ten\u00eda programada la emisi\u00f3n de un nuevo documental sobre la vida de Beckenbauer.<\/p>\n<p>En el documental, adem\u00e1s de im\u00e1genes de archivo, hay declaraciones de antiguos compa\u00f1eros suyos en el Bayern, como Sepp Maier o Paul Breitner, y de la selecci\u00f3n alemana como G\u00fcnter Netzer.<\/p>\n<p>Tambi\u00e9n aparecen personas destacadas de la vida alemana que lo siguieron como aficionados, como el recientemente fallecido exministro de Finanzas Wolfgang Sch\u00e4uble, el exministro de Exteriores Joschka Fischer o el exministro de Interior Otto Schily.<\/p>\n<p>Su exesposa Sybille Beckenbauer tambi\u00e9n es entrevistada en ese documental, igual que su excompa\u00f1era Diana Sandmand y su hermano Walter Beckenbauer.<\/p>\n<p>El exjugador, sin embargo, no pudo ser entrevistado para este documental sobre su vida.<\/p>\n<p>&nbsp;<\/p>\n<p><strong>Reacciones del mundo del f\u00fatbol a la muerte de Beckenbauer<\/strong><\/p>\n<p>La UEFA se ha hecho eco a trav\u00e9s de sus redes sociales del fallecimiento del exjugador y exentrenador alem\u00e1n Franz Beckenbauer, al que calific\u00f3 de \u201cuno de los hijos m\u00e1s grandes del f\u00fatbol europeo\u201d.<\/p>\n<p>En su mensaje, que acompa\u00f1a de una de las fotos ic\u00f3nicas del Beckenbauer jugador, asegura que el \u2018Kaiser\u2019 \u201cfue un jugador extraordinario, un entrenador de \u00e9xito y una persona que dio forma al f\u00fatbol alem\u00e1n como ning\u00fan otro\u201d.<\/p>\n<p>Por su parte, la Asociaci\u00f3n de Futbolistas Espa\u00f1oles (AFE) calific\u00f3 al alem\u00e1n Franz Beckenbauer de \u201cleyenda absoluta de nuestro deporte\u201d.<\/p>\n<p>\u201cEs un d\u00eda muy triste para el mundo del f\u00fatbol, para los y las futbolistas. Hoy despedimos a Franz Beckenbauer, leyenda absoluta de nuestro deporte, un jugador que marc\u00f3 una \u00e9poca, un defensa inigualable y extraordinario. Descanse en paz\u201d, expresa el sindicato de jugadores espa\u00f1oles que preside David Aganzo en un comunicado.<\/p>\n<p>El Barcelona se sum\u00f3 al homenaje y expres\u00f3 sus condolencias en un mensaje publicado por el club azulgrana en la red social X (antes Twitter).<\/p>\n<p><strong>\u201cUna leyenda del f\u00fatbol mundial\u201d<\/strong><\/p>\n<p>\u201cEl FC Barcelona se suma a las condolencias tras la muerte de Franz Beckenbauer, leyenda del f\u00fatbol mundial que nos ha dejado hoy a los 78 a\u00f1os. Descanse en paz\u201d, reza el mensaje publicado en las redes sociales de la entidad.<\/p>\n<p>El exjugador y exentrenador alem\u00e1n, considerado la m\u00e1xima leyenda del f\u00fatbol de su pa\u00eds, muri\u00f3 este domingo, inform\u00f3 su familia este lunes.<\/p>\n<p>Asimismo, El Real Madrid lament\u00f3 en un comunicado el fallecimiento de Franz Beckenbauer y ensalz\u00f3 la figura del alem\u00e1n como \u201cuna de las m\u00e1s grandes leyendas del f\u00fatbol europeo y del f\u00fatbol mundial\u201d.<\/p>\n<p>\u201cEl Real Madrid C.F., su presidente y su Junta Directiva lamentan profundamente el fallecimiento de Franz Beckenbauer, una de las m\u00e1s grandes leyendas del f\u00fatbol europeo y del f\u00fatbol mundial\u201d, se\u00f1ala el comunicado del club presidido por Florentino P\u00e9rez, a quien la mala noticia cogi\u00f3 en el vuelo a Arabia Saud\u00ed para estar presente en la Supercopa de Espa\u00f1a.<\/p>\n<p>El conjunto madridista expresa sus \u201ccondolencias\u201d y su \u201ccari\u00f1o a sus familiares, a sus compa\u00f1eros, a sus clubes y a todos sus seres queridos\u201d. Elogi\u00f3 los logros de Beckenbauer en una carrera repleta de \u00e9xitos.<\/p>\n<p>&nbsp;<\/p>\n<p>&nbsp;<\/p>\n","protected":false},"excerpt":{"rendered":"<p>Berl\u00edn (EFE).- El exjugador y exentrenador alem\u00e1n Franz Beckenbauer muri\u00f3 <a href=\"https:\/\/sertv.gob.pa\/nacionalfm\/fallece-el-exfutbolista-aleman-franz-beckenbauer-a-los-78-anos-de-edad\/\"> [&#8230;]<\/a><\/p>\n","protected":false},"author":9,"featured_media":92917,"comment_status":"closed","ping_status":"closed","sticky":false,"template":"","format":"standard","meta":{"footnotes":""},"categories":[3],"tags":[],"class_list":["post-92916","post","type-post","status-publish","format-standard","has-post-thumbnail","hentry","category-internacionales"],"_links":{"self":[{"href":"https:\/\/sertv.gob.pa\/nacionalfm\/wp-json\/wp\/v2\/posts\/92916","targetHints":{"allow":["GET"]}}],"collection":[{"href":"https:\/\/sertv.gob.pa\/nacionalfm\/wp-json\/wp\/v2\/posts"}],"about":[{"href":"https:\/\/sertv.gob.pa\/nacionalfm\/wp-json\/wp\/v2\/types\/post"}],"author":[{"embeddable":true,"href":"https:\/\/sertv.gob.pa\/nacionalfm\/wp-json\/wp\/v2\/users\/9"}],"replies":[{"embeddable":true,"href":"https:\/\/sertv.gob.pa\/nacionalfm\/wp-json\/wp\/v2\/comments?post=92916"}],"version-history":[{"count":1,"href":"https:\/\/sertv.gob.pa\/nacionalfm\/wp-json\/wp\/v2\/posts\/92916\/revisions"}],"predecessor-version":[{"id":92918,"href":"https:\/\/sertv.gob.pa\/nacionalfm\/wp-json\/wp\/v2\/posts\/92916\/revisions\/92918"}],"wp:featuredmedia":[{"embeddable":true,"href":"https:\/\/sertv.gob.pa\/nacionalfm\/wp-json\/wp\/v2\/media\/92917"}],"wp:attachment":[{"href":"https:\/\/sertv.gob.pa\/nacionalfm\/wp-json\/wp\/v2\/media?parent=92916"}],"wp:term":[{"taxonomy":"category","embeddable":true,"href":"https:\/\/sertv.gob.pa\/nacionalfm\/wp-json\/wp\/v2\/categories?post=92916"},{"taxonomy":"post_tag","embeddable":true,"href":"https:\/\/sertv.gob.pa\/nacionalfm\/wp-json\/wp\/v2\/tags?post=92916"}],"curies":[{"name":"wp","href":"https:\/\/api.w.org\/{rel}","templated":true}]}}