{"id":92939,"date":"2024-01-10T11:03:48","date_gmt":"2024-01-10T16:03:48","guid":{"rendered":"https:\/\/sertv.gob.pa\/nacionalfm\/?p=92939"},"modified":"2024-01-10T11:03:48","modified_gmt":"2024-01-10T16:03:48","slug":"el-presidente-de-ecuador-declara-el-conflicto-armado-interno-y-pide-accion-militar-ante-la-violencia","status":"publish","type":"post","link":"https:\/\/sertv.gob.pa\/nacionalfm\/el-presidente-de-ecuador-declara-el-conflicto-armado-interno-y-pide-accion-militar-ante-la-violencia\/","title":{"rendered":"El presidente de Ecuador declara el conflicto armado interno y pide acci\u00f3n militar ante la violencia"},"content":{"rendered":"<p><strong><em>Quito (EFE).-<\/em><\/strong> El presidente de Ecuador, Daniel Noboa, declar\u00f3 en un decreto la existencia de un \u201cconflicto armado interno\u201d en el pa\u00eds y orden\u00f3 a las Fuerzas Armadas ejecutar acciones, luego de que hombres armados se tomaran el canal TC de Televisi\u00f3n en plena trasmisi\u00f3n en vivo.<\/p>\n<p>\u201cHe firmado el decreto ejecutivo declarando Conflicto Armado Interno\u201d, escribi\u00f3 Noboa en un mensaje en su cuenta X (antes Twitter) en la que apunt\u00f3 que ha identificado a grupos del crimen organizado trasnacional \u201ccomo organizaciones terroristas y actores no estatales beligerantes\u201d.<\/p>\n<p>Entre ellos enumer\u00f3 a \u201c\u00c1guilas, \u00c1guilasKiller, Ak47, Caballeros Oscuros, ChoneKiller, Choneros, Covicheros, Cuartel de las Feas, Cubanos, Fatales, G\u00e1nster, Kater Piler, Lagartos, Latin Kings, Lobos, Los p.27, Los Tiburones, Mafia 18, Mafia Tr\u00e9bol, Patrones, R7, Tiguerones\u201d.<\/p>\n<p>Y agreg\u00f3 que ha ordenado a las Fuerzas Armadas ejecutar operaciones militares para neutralizar a estos grupos.<\/p>\n","protected":false},"excerpt":{"rendered":"<p>Quito (EFE).- El presidente de Ecuador, Daniel Noboa, declar\u00f3 en <a href=\"https:\/\/sertv.gob.pa\/nacionalfm\/el-presidente-de-ecuador-declara-el-conflicto-armado-interno-y-pide-accion-militar-ante-la-violencia\/\"> [&#8230;]<\/a><\/p>\n","protected":false},"author":9,"featured_media":92940,"comment_status":"closed","ping_status":"closed","sticky":false,"template":"","format":"standard","meta":{"footnotes":""},"categories":[3],"tags":[],"class_list":["post-92939","post","type-post","status-publish","format-standard","has-post-thumbnail","hentry","category-internacionales"],"_links":{"self":[{"href":"https:\/\/sertv.gob.pa\/nacionalfm\/wp-json\/wp\/v2\/posts\/92939","targetHints":{"allow":["GET"]}}],"collection":[{"href":"https:\/\/sertv.gob.pa\/nacionalfm\/wp-json\/wp\/v2\/posts"}],"about":[{"href":"https:\/\/sertv.gob.pa\/nacionalfm\/wp-json\/wp\/v2\/types\/post"}],"author":[{"embeddable":true,"href":"https:\/\/sertv.gob.pa\/nacionalfm\/wp-json\/wp\/v2\/users\/9"}],"replies":[{"embeddable":true,"href":"https:\/\/sertv.gob.pa\/nacionalfm\/wp-json\/wp\/v2\/comments?post=92939"}],"version-history":[{"count":1,"href":"https:\/\/sertv.gob.pa\/nacionalfm\/wp-json\/wp\/v2\/posts\/92939\/revisions"}],"predecessor-version":[{"id":92941,"href":"https:\/\/sertv.gob.pa\/nacionalfm\/wp-json\/wp\/v2\/posts\/92939\/revisions\/92941"}],"wp:featuredmedia":[{"embeddable":true,"href":"https:\/\/sertv.gob.pa\/nacionalfm\/wp-json\/wp\/v2\/media\/92940"}],"wp:attachment":[{"href":"https:\/\/sertv.gob.pa\/nacionalfm\/wp-json\/wp\/v2\/media?parent=92939"}],"wp:term":[{"taxonomy":"category","embeddable":true,"href":"https:\/\/sertv.gob.pa\/nacionalfm\/wp-json\/wp\/v2\/categories?post=92939"},{"taxonomy":"post_tag","embeddable":true,"href":"https:\/\/sertv.gob.pa\/nacionalfm\/wp-json\/wp\/v2\/tags?post=92939"}],"curies":[{"name":"wp","href":"https:\/\/api.w.org\/{rel}","templated":true}]}}