{"id":92983,"date":"2024-01-11T12:20:45","date_gmt":"2024-01-11T17:20:45","guid":{"rendered":"https:\/\/sertv.gob.pa\/nacionalfm\/?p=92983"},"modified":"2024-01-11T12:20:45","modified_gmt":"2024-01-11T17:20:45","slug":"milei-deja-atras-sus-polemicas-con-el-papa-y-lo-invita-a-visitar-argentina","status":"publish","type":"post","link":"https:\/\/sertv.gob.pa\/nacionalfm\/milei-deja-atras-sus-polemicas-con-el-papa-y-lo-invita-a-visitar-argentina\/","title":{"rendered":"Milei deja atr\u00e1s sus pol\u00e9micas con el papa y lo invita a visitar Argentina"},"content":{"rendered":"<p><strong><em>Buenos Aires, (EFE).-<\/em><\/strong> El presidente de Argentina, Javier Milei, ha invitado formalmente al papa Francisco a visitar su pa\u00eds de origen para \u201ctraer frutos de pacificaci\u00f3n y de hermanamiento de todos los argentinos\u201d.<\/p>\n<p>El mandatario, que critic\u00f3 en varias ocasiones al pont\u00edfice antes y durante la \u00faltima campa\u00f1a electoral, propuso a Francisco visitar Argentina en la fecha que el Vaticano indique en una carta que se hizo p\u00fablica este jueves en las redes sociales de la Oficina del Presidente Javier Milei, pero que la Casa Rosada fech\u00f3 el pasado lunes.<\/p>\n<p><em><br \/>\n\u201cSu presencia y su mensaje contribuir\u00e1n a la tan deseada unidad de todos nuestros compatriotas y nos brindar\u00e1 la fuerza colectiva necesaria para preservar nuestra paz y trabajar por la prosperidad y el engrandecimiento de nuestra querida Rep\u00fablica Argentina\u201d, asegur\u00f3 el presidente en su misiva.<\/em><\/p>\n<p>El mandatario especific\u00f3 su \u201calta consideraci\u00f3n y respeto\u201d por la obra y la persona de Francisco, una opini\u00f3n que contrasta con la expresada por el libertario en el pasado cuando consider\u00f3 al pont\u00edfice un \u201crepresentante del maligno en la tierra\u201d y un partidario de \u201clas dictaduras sangrientas\u201d.<\/p>\n<p><strong>Giro de 180\u00b0 en el discurso de Milei<\/strong><\/p>\n<p>Posteriormente, Milei lament\u00f3 sus palabras y agradeci\u00f3 a Francisco sus \u201csabios consejos y sus deseos de coraje y sabidur\u00eda\u201d cuando ambos conversaron el pasado 22 de noviembre, d\u00edas despu\u00e9s de que el libertario se convirtiese en el presidente electo de Argentina.<\/p>\n<p>Seg\u00fan explic\u00f3 el Gobierno argentino en aquel momento, el papa le expres\u00f3 sus mejores deseos a Milei y sus colaboradores y le envi\u00f3 un rosario bendecido.<\/p>\n<p><em>\u201cSantidad, los argentinos atravesamos tiempos de aflicci\u00f3n y de esperanza (\u2026) Nuestra econom\u00eda se encuentra en estado cr\u00edtico y es preciso adoptar medidas urgentes para evitar una cat\u00e1strofe social con consecuencias dolorosas\u201d, explic\u00f3 Milei en su carta de este jueves al papa.<\/em><\/p>\n<p>En este sentido, Milei se refiri\u00f3 en particular a las medidas econ\u00f3micas que ha propuesto para \u201ctransformar esta situaci\u00f3n\u201d, y que proponen la pr\u00e1ctica desregulaci\u00f3n de la econom\u00eda del pa\u00eds suramericano.<\/p>\n<p>Milei reconoci\u00f3 que estas decisiones \u201cpueden profundizar inequidades\u201d, para lo que pidi\u00f3 la colaboraci\u00f3n de la Iglesia cat\u00f3lica en el campo social.<\/p>\n<p>Jorge Mario Bergoglio, nacido en 1936 en Buenos Aires, fue invitado a la asunci\u00f3n presidencial de Javier Milei el pasado 10 de diciembre, pero no pudo asistir a la ceremonia.<\/p>\n<p>Los viajes oficiales del papa, quien cumpli\u00f3 87 a\u00f1os en diciembre pasado y tiene una salud deteriorada, son cada vez menos habituales.<\/p>\n","protected":false},"excerpt":{"rendered":"<p>Buenos Aires, (EFE).- El presidente de Argentina, Javier Milei, ha <a href=\"https:\/\/sertv.gob.pa\/nacionalfm\/milei-deja-atras-sus-polemicas-con-el-papa-y-lo-invita-a-visitar-argentina\/\"> [&#8230;]<\/a><\/p>\n","protected":false},"author":9,"featured_media":92984,"comment_status":"closed","ping_status":"closed","sticky":false,"template":"","format":"standard","meta":{"footnotes":""},"categories":[3],"tags":[],"class_list":["post-92983","post","type-post","status-publish","format-standard","has-post-thumbnail","hentry","category-internacionales"],"_links":{"self":[{"href":"https:\/\/sertv.gob.pa\/nacionalfm\/wp-json\/wp\/v2\/posts\/92983","targetHints":{"allow":["GET"]}}],"collection":[{"href":"https:\/\/sertv.gob.pa\/nacionalfm\/wp-json\/wp\/v2\/posts"}],"about":[{"href":"https:\/\/sertv.gob.pa\/nacionalfm\/wp-json\/wp\/v2\/types\/post"}],"author":[{"embeddable":true,"href":"https:\/\/sertv.gob.pa\/nacionalfm\/wp-json\/wp\/v2\/users\/9"}],"replies":[{"embeddable":true,"href":"https:\/\/sertv.gob.pa\/nacionalfm\/wp-json\/wp\/v2\/comments?post=92983"}],"version-history":[{"count":1,"href":"https:\/\/sertv.gob.pa\/nacionalfm\/wp-json\/wp\/v2\/posts\/92983\/revisions"}],"predecessor-version":[{"id":92985,"href":"https:\/\/sertv.gob.pa\/nacionalfm\/wp-json\/wp\/v2\/posts\/92983\/revisions\/92985"}],"wp:featuredmedia":[{"embeddable":true,"href":"https:\/\/sertv.gob.pa\/nacionalfm\/wp-json\/wp\/v2\/media\/92984"}],"wp:attachment":[{"href":"https:\/\/sertv.gob.pa\/nacionalfm\/wp-json\/wp\/v2\/media?parent=92983"}],"wp:term":[{"taxonomy":"category","embeddable":true,"href":"https:\/\/sertv.gob.pa\/nacionalfm\/wp-json\/wp\/v2\/categories?post=92983"},{"taxonomy":"post_tag","embeddable":true,"href":"https:\/\/sertv.gob.pa\/nacionalfm\/wp-json\/wp\/v2\/tags?post=92983"}],"curies":[{"name":"wp","href":"https:\/\/api.w.org\/{rel}","templated":true}]}}