{"id":93056,"date":"2024-01-15T13:08:13","date_gmt":"2024-01-15T18:08:13","guid":{"rendered":"https:\/\/sertv.gob.pa\/nacionalfm\/?p=93056"},"modified":"2024-01-15T13:08:13","modified_gmt":"2024-01-15T18:08:13","slug":"bernardo-arevalo-asume-la-presidencia-de-guatemala-con-10-horas-de-retraso-por-intentos-de-boicot-en-el-congreso","status":"publish","type":"post","link":"https:\/\/sertv.gob.pa\/nacionalfm\/bernardo-arevalo-asume-la-presidencia-de-guatemala-con-10-horas-de-retraso-por-intentos-de-boicot-en-el-congreso\/","title":{"rendered":"Bernardo Ar\u00e9valo asume la Presidencia de Guatemala con 10 horas de retraso por intentos de boicot en el Congreso"},"content":{"rendered":"<p><strong><em>Ciudad de Guatemala (EFE).-<\/em><\/strong><em> Bernardo Ar\u00e9valo de Le\u00f3n fue investido esta madrugada presidente de Guatemala con diez horas de retraso y despu\u00e9s de que parlamentarios de la oposici\u00f3n en el Congreso intentaran evitar que se llevara a cabo el traspaso de mando.<\/em><\/p>\n<p><em>La toma de posesi\u00f3n como presidente de Guatemala del l\u00edder del progresista Movimiento Semilla, estaba programada para la tarde del domingo pero el retraso provoc\u00f3 que varios jefes de Estado invitados, entre ellos el rey de Espa\u00f1a, Felipe VI, dejaran el pa\u00eds sin poder asistir a la ceremonia.<\/p>\n<p>Felipe VI parti\u00f3 de Guatemala en la noche del domingo, tal y como lo ten\u00eda programado originalmente, al igual que el ministro espa\u00f1ol de Exteriores, Jos\u00e9 Manuel Albares, quien hab\u00eda llegado unas horas antes para acompa\u00f1ar a la comitiva espa\u00f1ola.<\/p>\n<p>Fue el mismo caso tambi\u00e9n para el presidente de Chile, Gabriel Boric, quien abandon\u00f3 el pa\u00eds por la tarde ya que ten\u00eda \u201ccompromisos\u201d en su pa\u00eds en la ma\u00f1ana del lunes.<\/em><\/p>\n<p><strong><em>Ausencia del presidente saliente<\/em><\/strong><\/p>\n<p><em>Ar\u00e9valo, un acad\u00e9mico de 65 a\u00f1os que simboliza la lucha contra la corrupci\u00f3n en su pa\u00eds, pudo celebrar su investidura como jefe del Estado para el periodo 2024 a 2028, al t\u00e9rmino de una jornada en la que estuvo en riesgo la cesi\u00f3n de poder del mandatario saliente, Alejandro Giammatei, al presidente electo.<\/em><\/p>\n<p><em>De hecho, el propio Giammattei no se present\u00f3 personalmente en el Teatro Nacional para la ceremonia de traspaso y lo hizo mediante su secretaria, argumentando que deb\u00eda entregar su cargo antes de las 00.00 horas del lunes 15 de enero (06.00 GMT).<\/em><\/p>\n<p><em>La sesi\u00f3n de investidura comenz\u00f3 al filo de la medianoche, debido a los obst\u00e1culos que los parlamentarios de la Legislatura saliente plantearon para que se llevara a cabo, aunque finalmente el nuevo Congreso qued\u00f3 constituido, desbloqueando as\u00ed la toma de posesi\u00f3n.<\/em><\/p>\n<p><em>Sin embargo, el aplazamiento del acto provoc\u00f3 que varios invitados especiales que hab\u00edan acudido a la capital de Guatemala para asistir a la ceremonia se vieran obligados a irse antes de que diera comienzo, entre ellos los presidentes de Chile, Gabriel Boric; Paraguay, Santiago Pe\u00f1a, y Costa Rica, Rodrigo Chaves, y el rey de Espa\u00f1a, Felipe VI.<\/em><\/p>\n<p><strong><em>\u00a0<\/em><\/strong><\/p>\n","protected":false},"excerpt":{"rendered":"<p>Ciudad de Guatemala (EFE).- Bernardo Ar\u00e9valo de Le\u00f3n fue investido <a href=\"https:\/\/sertv.gob.pa\/nacionalfm\/bernardo-arevalo-asume-la-presidencia-de-guatemala-con-10-horas-de-retraso-por-intentos-de-boicot-en-el-congreso\/\"> [&#8230;]<\/a><\/p>\n","protected":false},"author":9,"featured_media":93057,"comment_status":"closed","ping_status":"closed","sticky":false,"template":"","format":"standard","meta":{"footnotes":""},"categories":[3],"tags":[],"class_list":["post-93056","post","type-post","status-publish","format-standard","has-post-thumbnail","hentry","category-internacionales"],"_links":{"self":[{"href":"https:\/\/sertv.gob.pa\/nacionalfm\/wp-json\/wp\/v2\/posts\/93056","targetHints":{"allow":["GET"]}}],"collection":[{"href":"https:\/\/sertv.gob.pa\/nacionalfm\/wp-json\/wp\/v2\/posts"}],"about":[{"href":"https:\/\/sertv.gob.pa\/nacionalfm\/wp-json\/wp\/v2\/types\/post"}],"author":[{"embeddable":true,"href":"https:\/\/sertv.gob.pa\/nacionalfm\/wp-json\/wp\/v2\/users\/9"}],"replies":[{"embeddable":true,"href":"https:\/\/sertv.gob.pa\/nacionalfm\/wp-json\/wp\/v2\/comments?post=93056"}],"version-history":[{"count":1,"href":"https:\/\/sertv.gob.pa\/nacionalfm\/wp-json\/wp\/v2\/posts\/93056\/revisions"}],"predecessor-version":[{"id":93058,"href":"https:\/\/sertv.gob.pa\/nacionalfm\/wp-json\/wp\/v2\/posts\/93056\/revisions\/93058"}],"wp:featuredmedia":[{"embeddable":true,"href":"https:\/\/sertv.gob.pa\/nacionalfm\/wp-json\/wp\/v2\/media\/93057"}],"wp:attachment":[{"href":"https:\/\/sertv.gob.pa\/nacionalfm\/wp-json\/wp\/v2\/media?parent=93056"}],"wp:term":[{"taxonomy":"category","embeddable":true,"href":"https:\/\/sertv.gob.pa\/nacionalfm\/wp-json\/wp\/v2\/categories?post=93056"},{"taxonomy":"post_tag","embeddable":true,"href":"https:\/\/sertv.gob.pa\/nacionalfm\/wp-json\/wp\/v2\/tags?post=93056"}],"curies":[{"name":"wp","href":"https:\/\/api.w.org\/{rel}","templated":true}]}}