{"id":93099,"date":"2024-01-16T13:18:50","date_gmt":"2024-01-16T18:18:50","guid":{"rendered":"https:\/\/sertv.gob.pa\/nacionalfm\/?p=93099"},"modified":"2024-01-16T13:18:50","modified_gmt":"2024-01-16T18:18:50","slug":"la-tension-se-dispara-en-oriente-medio-tras-ataques-con-misiles-iranies-en-siria-e-irak","status":"publish","type":"post","link":"https:\/\/sertv.gob.pa\/nacionalfm\/la-tension-se-dispara-en-oriente-medio-tras-ataques-con-misiles-iranies-en-siria-e-irak\/","title":{"rendered":"La tensi\u00f3n se dispara en Oriente Medio tras ataques con misiles iran\u00edes en Siria e Irak"},"content":{"rendered":"<p><strong><em>Teher\u00e1n\/El Cairo (EFE).- <\/em><\/strong><em>La tensi\u00f3n en Oriente Medio se ha incrementado un poco m\u00e1s despu\u00e9s de que Ir\u00e1n atacara con misiles objetivos del grupo terrorista Estado Isl\u00e1mico (EI) y \u201cesp\u00edas del r\u00e9gimen sionista (Israel)\u201d en Siria e Irak, para \u201cvengar\u201d a las v\u00edctimas del atentado de Kerman, el pasado 3 de enero.<\/em><\/p>\n<p><em>La Guardia Revolucionaria comenz\u00f3 los ataques de madrugada, poco despu\u00e9s de la medianoche, y lanz\u00f3 un total de 24 misiles \u201cKheibar Shekan\u201d (Destructor de castillos) contra objetivos \u201cantiiran\u00edes\u201d en Siria e Irak, que han causado al menos cuatro muertos en el Kurdist\u00e1n iraqu\u00ed, seg\u00fan un comunicado del cuerpo militar.\u00a0<\/em><\/p>\n<p><em>Once de esos misiles fueron lanzados contra el \u201ccuartel general del Mossad\u201d israel\u00ed en Erbil, la capital de la regi\u00f3n iraqu\u00ed, en el que murieron cuatro esp\u00edas de Israel, seg\u00fan la versi\u00f3n del cuerpo de \u00e9lite.<\/em><\/p>\n<p><em>Fuentes de seguridad iraqu\u00edes confirmaron a EFE que al menos ocho misiles cayeron cerca del consulado de EE.UU.\u00a0<\/em><\/p>\n<p><em>Los otros 13 misiles estuvieron dirigidos contra objetivos en Siria del EI, grupo que reivindic\u00f3\u00a0<a href=\"https:\/\/efe.com\/mundo\/2024-01-04\/iran-rebaja-cifra-fallecidos-atentado-terrorista-kerman\/\" target=\"_blank\" rel=\"noopener\">el doble atentado de Kerman\u00a0<\/a>que caus\u00f3 94 muertos, cerca de la tumba de Qasem Soleimani, un general de la Guardia Revolucionaria asesinado por EE.UU. en 2020 en un bombardeo en Irak.<\/em><\/p>\n","protected":false},"excerpt":{"rendered":"<p>Teher\u00e1n\/El Cairo (EFE).- La tensi\u00f3n en Oriente Medio se ha <a href=\"https:\/\/sertv.gob.pa\/nacionalfm\/la-tension-se-dispara-en-oriente-medio-tras-ataques-con-misiles-iranies-en-siria-e-irak\/\"> [&#8230;]<\/a><\/p>\n","protected":false},"author":9,"featured_media":93100,"comment_status":"closed","ping_status":"closed","sticky":false,"template":"","format":"standard","meta":{"footnotes":""},"categories":[3],"tags":[],"class_list":["post-93099","post","type-post","status-publish","format-standard","has-post-thumbnail","hentry","category-internacionales"],"_links":{"self":[{"href":"https:\/\/sertv.gob.pa\/nacionalfm\/wp-json\/wp\/v2\/posts\/93099","targetHints":{"allow":["GET"]}}],"collection":[{"href":"https:\/\/sertv.gob.pa\/nacionalfm\/wp-json\/wp\/v2\/posts"}],"about":[{"href":"https:\/\/sertv.gob.pa\/nacionalfm\/wp-json\/wp\/v2\/types\/post"}],"author":[{"embeddable":true,"href":"https:\/\/sertv.gob.pa\/nacionalfm\/wp-json\/wp\/v2\/users\/9"}],"replies":[{"embeddable":true,"href":"https:\/\/sertv.gob.pa\/nacionalfm\/wp-json\/wp\/v2\/comments?post=93099"}],"version-history":[{"count":1,"href":"https:\/\/sertv.gob.pa\/nacionalfm\/wp-json\/wp\/v2\/posts\/93099\/revisions"}],"predecessor-version":[{"id":93101,"href":"https:\/\/sertv.gob.pa\/nacionalfm\/wp-json\/wp\/v2\/posts\/93099\/revisions\/93101"}],"wp:featuredmedia":[{"embeddable":true,"href":"https:\/\/sertv.gob.pa\/nacionalfm\/wp-json\/wp\/v2\/media\/93100"}],"wp:attachment":[{"href":"https:\/\/sertv.gob.pa\/nacionalfm\/wp-json\/wp\/v2\/media?parent=93099"}],"wp:term":[{"taxonomy":"category","embeddable":true,"href":"https:\/\/sertv.gob.pa\/nacionalfm\/wp-json\/wp\/v2\/categories?post=93099"},{"taxonomy":"post_tag","embeddable":true,"href":"https:\/\/sertv.gob.pa\/nacionalfm\/wp-json\/wp\/v2\/tags?post=93099"}],"curies":[{"name":"wp","href":"https:\/\/api.w.org\/{rel}","templated":true}]}}