{"id":93102,"date":"2024-01-16T13:33:05","date_gmt":"2024-01-16T18:33:05","guid":{"rendered":"https:\/\/sertv.gob.pa\/nacionalfm\/?p=93102"},"modified":"2024-01-16T13:33:05","modified_gmt":"2024-01-16T18:33:05","slug":"3-678-inmigrantes-llegan-en-las-dos-primeras-semanas-de-2024-un-286-mas-que-hace-un-ano","status":"publish","type":"post","link":"https:\/\/sertv.gob.pa\/nacionalfm\/3-678-inmigrantes-llegan-en-las-dos-primeras-semanas-de-2024-un-286-mas-que-hace-un-ano\/","title":{"rendered":"3.678 inmigrantes llegan en las dos primeras semanas de 2024, un 286 % m\u00e1s que hace un a\u00f1o"},"content":{"rendered":"<p><strong><em>Madrid (EFE).-<\/em><\/strong><em> Un total de 3.678 inmigrantes han llegado a Espa\u00f1a de forma irregular en los primeros quince d\u00edas del a\u00f1o, la mayor\u00eda a Canarias, lo que supone un 286 % m\u00e1s que los que accedieron a nuestro pa\u00eds en la misma quincena de 2023 cuando la cifra fue de 953 personas.<\/em><\/p>\n<p><em>Son datos del primer balance quincenal de este a\u00f1o publicado este martes el Ministerio del Interior, que detalla que de esas 3.678 personas, 3.480 arribaron al archipi\u00e9lago canario en 53 embarcaciones, es decir, 3.109 migrantes m\u00e1s que hace un a\u00f1o.<\/em><\/p>\n<p><em>Los cayucos que llegan a Canarias contin\u00faan disparando las cifras despu\u00e9s de un 2023 en el que se contabilizaron 39.910 inmigrantes, superando la cifra registrada en 2006, cuando el archipi\u00e9lago vivi\u00f3 la denominada \u201ccrisis de los cayucos\u201d y llegaron a Espa\u00f1a en patera 39.180 extranjeros.<\/em><\/p>\n<p><em>\u00a0<\/em><\/p>\n<p><em>\u00a0<\/em><\/p>\n","protected":false},"excerpt":{"rendered":"<p>Madrid (EFE).- Un total de 3.678 inmigrantes han llegado a <a href=\"https:\/\/sertv.gob.pa\/nacionalfm\/3-678-inmigrantes-llegan-en-las-dos-primeras-semanas-de-2024-un-286-mas-que-hace-un-ano\/\"> [&#8230;]<\/a><\/p>\n","protected":false},"author":9,"featured_media":93103,"comment_status":"closed","ping_status":"closed","sticky":false,"template":"","format":"standard","meta":{"footnotes":""},"categories":[3],"tags":[],"class_list":["post-93102","post","type-post","status-publish","format-standard","has-post-thumbnail","hentry","category-internacionales"],"_links":{"self":[{"href":"https:\/\/sertv.gob.pa\/nacionalfm\/wp-json\/wp\/v2\/posts\/93102","targetHints":{"allow":["GET"]}}],"collection":[{"href":"https:\/\/sertv.gob.pa\/nacionalfm\/wp-json\/wp\/v2\/posts"}],"about":[{"href":"https:\/\/sertv.gob.pa\/nacionalfm\/wp-json\/wp\/v2\/types\/post"}],"author":[{"embeddable":true,"href":"https:\/\/sertv.gob.pa\/nacionalfm\/wp-json\/wp\/v2\/users\/9"}],"replies":[{"embeddable":true,"href":"https:\/\/sertv.gob.pa\/nacionalfm\/wp-json\/wp\/v2\/comments?post=93102"}],"version-history":[{"count":1,"href":"https:\/\/sertv.gob.pa\/nacionalfm\/wp-json\/wp\/v2\/posts\/93102\/revisions"}],"predecessor-version":[{"id":93104,"href":"https:\/\/sertv.gob.pa\/nacionalfm\/wp-json\/wp\/v2\/posts\/93102\/revisions\/93104"}],"wp:featuredmedia":[{"embeddable":true,"href":"https:\/\/sertv.gob.pa\/nacionalfm\/wp-json\/wp\/v2\/media\/93103"}],"wp:attachment":[{"href":"https:\/\/sertv.gob.pa\/nacionalfm\/wp-json\/wp\/v2\/media?parent=93102"}],"wp:term":[{"taxonomy":"category","embeddable":true,"href":"https:\/\/sertv.gob.pa\/nacionalfm\/wp-json\/wp\/v2\/categories?post=93102"},{"taxonomy":"post_tag","embeddable":true,"href":"https:\/\/sertv.gob.pa\/nacionalfm\/wp-json\/wp\/v2\/tags?post=93102"}],"curies":[{"name":"wp","href":"https:\/\/api.w.org\/{rel}","templated":true}]}}