{"id":93138,"date":"2024-01-17T13:34:05","date_gmt":"2024-01-17T18:34:05","guid":{"rendered":"https:\/\/sertv.gob.pa\/nacionalfm\/?p=93138"},"modified":"2024-01-17T13:34:05","modified_gmt":"2024-01-17T18:34:05","slug":"iran-afirma-que-el-fin-de-la-guerra-en-gaza-pondria-fin-a-la-crisis-en-oriente-medio","status":"publish","type":"post","link":"https:\/\/sertv.gob.pa\/nacionalfm\/iran-afirma-que-el-fin-de-la-guerra-en-gaza-pondria-fin-a-la-crisis-en-oriente-medio\/","title":{"rendered":"Ir\u00e1n afirma que el fin de la guerra en Gaza pondr\u00eda fin a la crisis en Oriente Medio"},"content":{"rendered":"<p><strong><em>Davos (Suiza), (EFE).- <\/em><\/strong><em>El ministro iran\u00ed de Exteriores, Hosein Amir Abdolahian, afirm\u00f3 este mi\u00e9rcoles que la actual crisis en la regi\u00f3n llegar\u00eda a su fin con el cese de la guerra en Gaza, incluidos los ataques de los hut\u00edes en el mar Rojo contra nav\u00edos comerciales.<\/p>\n<p>\u02ddLa soluci\u00f3n a todo este conflicto es el fin de guerra en Gaza\u02dd, dijo Abdolahian en una entrevista con el periodista Fareed Zakaria en el Foro Econ\u00f3mico Mundial de Davos (Suiza).<\/p>\n<p>\u201cLa seguridad del mar Rojo est\u00e1 ligada a lo que ocurre en Gaza y todo el mundo sufrir\u00e1 si los cr\u00edmenes de Israel en la Franja no se detienen\u201d, afirm\u00f3 el jefe de la diplomacia iran\u00ed.<\/p>\n<p>\u201cTodos los frentes permanecer\u00e1n activos\u201d, advirti\u00f3, en referencia a los rebeldes hut\u00edes, pero tambi\u00e9n a los repetidos ataques por parte de milicias proiran\u00edes de Irak contra posiciones de Estados Unidos en el pa\u00eds y en Siria, adem\u00e1s de los choques entre Hizbul\u00e1 e Israel.<\/p>\n<p>Abdolahian asegur\u00f3 que la guerra no es la respuesta y se\u00f1al\u00f3 al primer ministro israel\u00ed, Benyamin Netanyahu, por ello.<\/em><\/p>\n","protected":false},"excerpt":{"rendered":"<p>Davos (Suiza), (EFE).- El ministro iran\u00ed de Exteriores, Hosein Amir <a href=\"https:\/\/sertv.gob.pa\/nacionalfm\/iran-afirma-que-el-fin-de-la-guerra-en-gaza-pondria-fin-a-la-crisis-en-oriente-medio\/\"> [&#8230;]<\/a><\/p>\n","protected":false},"author":9,"featured_media":93139,"comment_status":"closed","ping_status":"closed","sticky":false,"template":"","format":"standard","meta":{"footnotes":""},"categories":[3],"tags":[],"class_list":["post-93138","post","type-post","status-publish","format-standard","has-post-thumbnail","hentry","category-internacionales"],"_links":{"self":[{"href":"https:\/\/sertv.gob.pa\/nacionalfm\/wp-json\/wp\/v2\/posts\/93138","targetHints":{"allow":["GET"]}}],"collection":[{"href":"https:\/\/sertv.gob.pa\/nacionalfm\/wp-json\/wp\/v2\/posts"}],"about":[{"href":"https:\/\/sertv.gob.pa\/nacionalfm\/wp-json\/wp\/v2\/types\/post"}],"author":[{"embeddable":true,"href":"https:\/\/sertv.gob.pa\/nacionalfm\/wp-json\/wp\/v2\/users\/9"}],"replies":[{"embeddable":true,"href":"https:\/\/sertv.gob.pa\/nacionalfm\/wp-json\/wp\/v2\/comments?post=93138"}],"version-history":[{"count":1,"href":"https:\/\/sertv.gob.pa\/nacionalfm\/wp-json\/wp\/v2\/posts\/93138\/revisions"}],"predecessor-version":[{"id":93140,"href":"https:\/\/sertv.gob.pa\/nacionalfm\/wp-json\/wp\/v2\/posts\/93138\/revisions\/93140"}],"wp:featuredmedia":[{"embeddable":true,"href":"https:\/\/sertv.gob.pa\/nacionalfm\/wp-json\/wp\/v2\/media\/93139"}],"wp:attachment":[{"href":"https:\/\/sertv.gob.pa\/nacionalfm\/wp-json\/wp\/v2\/media?parent=93138"}],"wp:term":[{"taxonomy":"category","embeddable":true,"href":"https:\/\/sertv.gob.pa\/nacionalfm\/wp-json\/wp\/v2\/categories?post=93138"},{"taxonomy":"post_tag","embeddable":true,"href":"https:\/\/sertv.gob.pa\/nacionalfm\/wp-json\/wp\/v2\/tags?post=93138"}],"curies":[{"name":"wp","href":"https:\/\/api.w.org\/{rel}","templated":true}]}}