{"id":93173,"date":"2024-01-18T12:42:11","date_gmt":"2024-01-18T17:42:11","guid":{"rendered":"https:\/\/sertv.gob.pa\/nacionalfm\/?p=93173"},"modified":"2024-01-18T12:42:11","modified_gmt":"2024-01-18T17:42:11","slug":"ee-uu-lanza-una-nueva-oleada-de-ataques-contra-zonas-controladas-por-los-huties-en-yemen","status":"publish","type":"post","link":"https:\/\/sertv.gob.pa\/nacionalfm\/ee-uu-lanza-una-nueva-oleada-de-ataques-contra-zonas-controladas-por-los-huties-en-yemen\/","title":{"rendered":"EE.UU. lanza una nueva oleada de ataques contra zonas controladas por los hut\u00edes en Yemen"},"content":{"rendered":"<p><strong><em>Washington (EE.UU.) (EFE).-<\/em><\/strong> EE.UU. lanz\u00f3 anoche una nueva oleada de ataques contra zonas de Yemen controladas por los rebeldes hut\u00edes, horas despu\u00e9s de que Washington declarara al\u00a0<a href=\"https:\/\/efe.com\/mundo\/2024-01-17\/estados-unidos-vuelve-a-designar-a-los-huties-como-terroristas\/\" target=\"_blank\" rel=\"noopener\"><strong>grupo chi\u00ed como \u201cterrorista\u201d<\/strong><\/a>.<\/p>\n<p>En un comunicado difundido a trav\u00e9s de X (antes Twitter) el Mando Central de EE.UU inform\u00f3 de que \u201cel 17 de enero aproximadamente a las 23.59 (hora de Sanaa), las fuerzas del Mando Central de Estados Unidos llevaron a cabo ataques contra 14 misiles hut\u00edes (\u2026) Estos misiles sobre ra\u00edles de lanzamiento representaban una amenaza inminente para los buques mercantes y los buques de la Armada estadounidense en la regi\u00f3n\u201d.<\/p>\n<p>Asimismo, el Mando Central de EE.UU. asegur\u00f3 que las acciones de los hut\u00edes, \u201crespaldados por Ir\u00e1n\u201d, siguen \u201cponiendo en peligro\u201d a navegantes internacionales e \u201cinterrumpiendo\u201d las rutas de navegaci\u00f3n comercial en el sur del mar Rojo.<\/p>\n<p><em><a href=\"http:\/\/efe.com\/mundo\/2024-01-12\/huties-mar-rojo-claves-conflicto-yemen\/\" target=\"_blank\" rel=\"noopener\"><strong>Claves para entender el conflicto en el Mar Rojo con los hut\u00edes del Yemen<\/strong><\/a><\/em><\/p>\n<p>\u201cContinuaremos tomando medidas para proteger la vida de los marinos inocentes y siempre protegeremos a nuestro pueblo\u201d, afirm\u00f3 el general Michael Erik Kurilla, del Mando Central de EE.UU., en el comunicado.<\/p>\n<p>Pocas horas antes, CENTCOM hab\u00eda confirmado que un barco estadounidense sufri\u00f3 un ataque con misiles navales en el Golfo de Ad\u00e9n, ubicado frente a las costas de Yemen, que no caus\u00f3 ning\u00fan herido.<\/p>\n","protected":false},"excerpt":{"rendered":"<p>Washington (EE.UU.) (EFE).- EE.UU. lanz\u00f3 anoche una nueva oleada de <a href=\"https:\/\/sertv.gob.pa\/nacionalfm\/ee-uu-lanza-una-nueva-oleada-de-ataques-contra-zonas-controladas-por-los-huties-en-yemen\/\"> [&#8230;]<\/a><\/p>\n","protected":false},"author":9,"featured_media":93174,"comment_status":"closed","ping_status":"closed","sticky":false,"template":"","format":"standard","meta":{"footnotes":""},"categories":[3],"tags":[],"class_list":["post-93173","post","type-post","status-publish","format-standard","has-post-thumbnail","hentry","category-internacionales"],"_links":{"self":[{"href":"https:\/\/sertv.gob.pa\/nacionalfm\/wp-json\/wp\/v2\/posts\/93173","targetHints":{"allow":["GET"]}}],"collection":[{"href":"https:\/\/sertv.gob.pa\/nacionalfm\/wp-json\/wp\/v2\/posts"}],"about":[{"href":"https:\/\/sertv.gob.pa\/nacionalfm\/wp-json\/wp\/v2\/types\/post"}],"author":[{"embeddable":true,"href":"https:\/\/sertv.gob.pa\/nacionalfm\/wp-json\/wp\/v2\/users\/9"}],"replies":[{"embeddable":true,"href":"https:\/\/sertv.gob.pa\/nacionalfm\/wp-json\/wp\/v2\/comments?post=93173"}],"version-history":[{"count":1,"href":"https:\/\/sertv.gob.pa\/nacionalfm\/wp-json\/wp\/v2\/posts\/93173\/revisions"}],"predecessor-version":[{"id":93175,"href":"https:\/\/sertv.gob.pa\/nacionalfm\/wp-json\/wp\/v2\/posts\/93173\/revisions\/93175"}],"wp:featuredmedia":[{"embeddable":true,"href":"https:\/\/sertv.gob.pa\/nacionalfm\/wp-json\/wp\/v2\/media\/93174"}],"wp:attachment":[{"href":"https:\/\/sertv.gob.pa\/nacionalfm\/wp-json\/wp\/v2\/media?parent=93173"}],"wp:term":[{"taxonomy":"category","embeddable":true,"href":"https:\/\/sertv.gob.pa\/nacionalfm\/wp-json\/wp\/v2\/categories?post=93173"},{"taxonomy":"post_tag","embeddable":true,"href":"https:\/\/sertv.gob.pa\/nacionalfm\/wp-json\/wp\/v2\/tags?post=93173"}],"curies":[{"name":"wp","href":"https:\/\/api.w.org\/{rel}","templated":true}]}}